{"id":309235,"date":"2026-01-21T18:19:00","date_gmt":"2026-01-21T21:19:00","guid":{"rendered":"https:\/\/www.caririemacao.com\/1\/?p=309235"},"modified":"2026-01-21T18:19:00","modified_gmt":"2026-01-21T21:19:00","slug":"mesmo-com-suspeitas-de-irregularidades-prefeita-de-monteiro-homologa-concurso-publico-certame-pode-ser-anulado-a-qualquer-momento","status":"publish","type":"post","link":"https:\/\/www.caririemacao.com\/1\/2026\/01\/21\/mesmo-com-suspeitas-de-irregularidades-prefeita-de-monteiro-homologa-concurso-publico-certame-pode-ser-anulado-a-qualquer-momento\/","title":{"rendered":"Mesmo com suspeitas de irregularidades, prefeita de Monteiro homologa concurso p\u00fablico; certame pode ser anulado a qualquer momento"},"content":{"rendered":"<p>A prefeita de Monteiro, Ana Paula Oliveira, assinou o Decreto n\u00ba 1.531, de 20 de janeiro de 2026, homologando o Concurso P\u00fablico de Provas e T\u00edtulos \u2013 Edital n\u00ba 001\/2025, mesmo diante de suspeitas formais de irregularidades que j\u00e1 s\u00e3o alvo de apura\u00e7\u00e3o pelo Minist\u00e9rio P\u00fablico da Para\u00edba.<\/p>\n<p>O certame foi realizado em 30 de novembro de 2025, com resultado final divulgado em 15 de janeiro de 2026, ap\u00f3s o julgamento dos recursos. Pelo decreto, a Prefeitura poder\u00e1 expedir atos de nomea\u00e7\u00e3o conforme a ordem classificat\u00f3ria, a disponibilidade de vagas e a necessidade do servi\u00e7o p\u00fablico. O concurso tem validade de dois anos, podendo ser prorrogado por igual per\u00edodo.<\/p>\n<p>No entanto, a homologa\u00e7\u00e3o ocorre em um contexto de incerteza jur\u00eddica. Desde 04 de setembro de 2025, o concurso \u00e9 alvo de den\u00fancia protocolada no MPPB (n\u00ba 001.2025.085901), apresentada por requerente an\u00f4nimo, que aponta suspeitas de fraudes e ilegalidades capazes de comprometer a lisura do processo seletivo, que oferta 114 vagas para cargos de n\u00edveis fundamental, m\u00e9dio e superior, com sal\u00e1rios de at\u00e9 R$ 5.597,94.<\/p>\n<p><strong>PRINCIPAIS PONTOS QUESTIONADOS<\/strong><\/p>\n<p>Entre os pontos levantados na representa\u00e7\u00e3o, destaca-se a contrata\u00e7\u00e3o da banca organizadora sem processo licitat\u00f3rio. A den\u00fancia associa a empresa \u00e0 exist\u00eancia de dezenas de a\u00e7\u00f5es judiciais envolvendo a banca em outros estados, com relatos de falta de transpar\u00eancia, descumprimento de normas e suspeitas de fraude em certames anteriores \u2014 informa\u00e7\u00f5es dispon\u00edveis em bases p\u00fablicas como o JusBrasil.<\/p>\n<p>A representa\u00e7\u00e3o se ancora no artigo 37 da Constitui\u00e7\u00e3o Federal, que estabelece os princ\u00edpios da legalidade, moralidade, publicidade e efici\u00eancia na Administra\u00e7\u00e3o P\u00fablica. O pedido ao Minist\u00e9rio P\u00fablico inclui:<\/p>\n<p>A instaura\u00e7\u00e3o de investiga\u00e7\u00e3o sobre o concurso;<br \/>\nA suspens\u00e3o da homologa\u00e7\u00e3o;<br \/>\nA anula\u00e7\u00e3o do certame, caso confirmadas as irregularidades;<br \/>\nA responsabiliza\u00e7\u00e3o legal dos envolvidos.<\/p>\n<p><strong>CONCURSO PODE SER CANCELADO<\/strong><\/p>\n<p>Especialistas em direito administrativo alertam que, caso o MPPB constate irregularidades graves, o concurso poder\u00e1 ser suspenso ou anulado a qualquer momento, inclusive ap\u00f3s a homologa\u00e7\u00e3o. Nesse cen\u00e1rio, nomea\u00e7\u00f5es podem ser revistas, candidatos eventualmente empossados podem perder os cargos, e o munic\u00edpio poder\u00e1 enfrentar a\u00e7\u00f5es judiciais, devolu\u00e7\u00e3o de valores, indeniza\u00e7\u00f5es e san\u00e7\u00f5es administrativas aos gestores respons\u00e1veis.<\/p>\n<p><strong>IMPORT\u00c2NCIA DA TRANSPAR\u00caNCIA<\/strong><\/p>\n<p>Dados do SAGRES-PB indicam que Monteiro possui atualmente 971 servidores efetivos, 205 comissionados e 695 contratados, quadro que refor\u00e7a a necessidade de concursos p\u00fablicos transparentes, legais e confi\u00e1veis como instrumento de fortalecimento do servi\u00e7o p\u00fablico.<\/p>\n<p>Enquanto a investiga\u00e7\u00e3o segue em curso, cresce a apreens\u00e3o entre os candidatos. A homologa\u00e7\u00e3o, embora formalizada, n\u00e3o afasta o risco jur\u00eddico. O futuro do concurso permanece condicionado \u00e0s conclus\u00f5es do Minist\u00e9rio P\u00fablico, e o epis\u00f3dio exp\u00f5e a gest\u00e3o municipal a questionamentos sobre transpar\u00eancia e responsabilidade administrativa, colocando em xeque a credibilidade de um dos concursos mais aguardados da regi\u00e3o.<\/p>\n<p><strong>LISTA DE APROVADOS E CLASSIFICADOS:<\/strong><\/p>\n<p><div class=\"ose- ose-uid-111440a6f481783163c349c9fcdc7915 ose-embedpress-responsive\" style=\"width:600px; height:550px; max-height:550px; max-width:100%; display:inline-block;\" data-embed-type=\"SelfHosted\"><iframe allowFullScreen=\"true\" width=\"600\" height=\"550\" data-src=\"https:\/\/www.monteiro.pb.gov.br\/diariooficial\/diario-oficial-atos-do-poder-do-executivo-47\"  src=\"data:image\/svg+xml;base64,PHN2ZyB3aWR0aD0iMSIgaGVpZ2h0PSIxIiB4bWxucz0iaHR0cDovL3d3dy53My5vcmcvMjAwMC9zdmciPjwvc3ZnPg==\" class=\"lazyload\" data-load-mode=\"1\"> <\/iframe><\/div><\/p>\n<p>&nbsp;<\/p>\n<p><strong>CARIRI EM A\u00c7\u00c3O<\/strong><\/p>\n","protected":false},"excerpt":{"rendered":"<p>A prefeita de Monteiro, Ana Paula Oliveira, assinou o Decreto n\u00ba 1.531, de 20 de janeiro de 2026, homologando o Concurso P\u00fablico de Provas e&hellip; <\/p>\n","protected":false},"author":6,"featured_media":309013,"comment_status":"closed","ping_status":"closed","sticky":false,"template":"","format":"standard","meta":{"sfsi_plus_gutenberg_text_before_share":"","sfsi_plus_gutenberg_show_text_before_share":"","sfsi_plus_gutenberg_icon_type":"","sfsi_plus_gutenberg_icon_alignemt":"","sfsi_plus_gutenburg_max_per_row":"","footnotes":""},"categories":[50,2,81],"tags":[],"class_list":["post-309235","post","type-post","status-publish","format-standard","has-post-thumbnail","hentry","category-destaque","category-geral","category-monteiro"],"_links":{"self":[{"href":"https:\/\/www.caririemacao.com\/1\/wp-json\/wp\/v2\/posts\/309235","targetHints":{"allow":["GET"]}}],"collection":[{"href":"https:\/\/www.caririemacao.com\/1\/wp-json\/wp\/v2\/posts"}],"about":[{"href":"https:\/\/www.caririemacao.com\/1\/wp-json\/wp\/v2\/types\/post"}],"author":[{"embeddable":true,"href":"https:\/\/www.caririemacao.com\/1\/wp-json\/wp\/v2\/users\/6"}],"replies":[{"embeddable":true,"href":"https:\/\/www.caririemacao.com\/1\/wp-json\/wp\/v2\/comments?post=309235"}],"version-history":[{"count":1,"href":"https:\/\/www.caririemacao.com\/1\/wp-json\/wp\/v2\/posts\/309235\/revisions"}],"predecessor-version":[{"id":309236,"href":"https:\/\/www.caririemacao.com\/1\/wp-json\/wp\/v2\/posts\/309235\/revisions\/309236"}],"wp:featuredmedia":[{"embeddable":true,"href":"https:\/\/www.caririemacao.com\/1\/wp-json\/wp\/v2\/media\/309013"}],"wp:attachment":[{"href":"https:\/\/www.caririemacao.com\/1\/wp-json\/wp\/v2\/media?parent=309235"}],"wp:term":[{"taxonomy":"category","embeddable":true,"href":"https:\/\/www.caririemacao.com\/1\/wp-json\/wp\/v2\/categories?post=309235"},{"taxonomy":"post_tag","embeddable":true,"href":"https:\/\/www.caririemacao.com\/1\/wp-json\/wp\/v2\/tags?post=309235"}],"curies":[{"name":"wp","href":"https:\/\/api.w.org\/{rel}","templated":true}]}}