{"id":309425,"date":"2026-01-28T09:30:03","date_gmt":"2026-01-28T12:30:03","guid":{"rendered":"https:\/\/www.caririemacao.com\/1\/?p=309425"},"modified":"2026-01-28T09:30:03","modified_gmt":"2026-01-28T12:30:03","slug":"filho-de-policial-reformado-e-morto-a-tiros-na-paraiba","status":"publish","type":"post","link":"https:\/\/www.caririemacao.com\/1\/2026\/01\/28\/filho-de-policial-reformado-e-morto-a-tiros-na-paraiba\/","title":{"rendered":"Filho de policial reformado \u00e9 morto a tiros na Para\u00edba"},"content":{"rendered":"<p>Um assassinato foi registrado na noite de ontem (27), quando um filho de um policial reformado foi assassinado a tiros, ap\u00f3s ser surpreendido por dois homens em uma motocicleta, em Jo\u00e3o Pessoa. A v\u00edtima, identificada como Valdemar, conhecido como Neto, tinha 36 anos e, segundo informa\u00e7\u00f5es iniciais, era servidor de uma prefeitura.<\/p>\n<p>Dados iniciais do delegado Hector Azevedo, a v\u00edtima estava em frente \u00e0 resid\u00eancia de um amigo quando dois suspeitos em uma motocicleta, se aproximaram e efetuaram disparos de arma de fogo. A v\u00edtima morreu ainda no local, antes de receber socorro.<\/p>\n<p>Hector informou que n\u00e3o h\u00e1 confirma\u00e7\u00e3o sobre antecedentes criminais da v\u00edtima. Segundo ele, essas informa\u00e7\u00f5es ser\u00e3o apuradas com mais precis\u00e3o ao decorrer das investiga\u00e7\u00f5es. A fam\u00edlia tamb\u00e9m n\u00e3o soube apontar poss\u00edveis desaven\u00e7as ou amea\u00e7as anteriores. Uma outra pessoa que estava com a v\u00edtima foi atingida na perna e socorrida para o Hospital de Trauma de Jo\u00e3o Pessoa. De acordo com o perito, n\u00e3o h\u00e1 gravidade no ferimento do sobrevivente. A Pol\u00edcia Civil abriu uma investiga\u00e7\u00e3o para identificar autoria e motiva\u00e7\u00e3o do homic\u00eddio.<\/p>\n<p>&nbsp;<\/p>\n<p>PB Agora<\/p>\n","protected":false},"excerpt":{"rendered":"<p>Um assassinato foi registrado na noite de ontem (27), quando um filho de um policial reformado foi assassinado a tiros, ap\u00f3s ser surpreendido por dois homens em uma motocicleta, em Jo\u00e3o Pessoa. A v\u00edtima, identificada como Valdemar, conhecido como Neto, tinha 36 anos e, segundo informa\u00e7\u00f5es iniciais, era servidor de uma prefeitura. Dados iniciais do delegado Hector Azevedo, a v\u00edtima estava em frente \u00e0 resid\u00eancia de um amigo quando dois suspeitos em uma motocicleta, se aproximaram e efetuaram disparos de arma de fogo. A v\u00edtima morreu ainda no local, antes de receber socorro. Hector informou que n\u00e3o h\u00e1 confirma\u00e7\u00e3o sobre antecedentes criminais da v\u00edtima. Segundo ele, essas informa\u00e7\u00f5es ser\u00e3o apuradas com mais precis\u00e3o ao decorrer das investiga\u00e7\u00f5es. A fam\u00edlia tamb\u00e9m n\u00e3o soube apontar poss\u00edveis desaven\u00e7as ou amea\u00e7as anteriores. Uma outra pessoa que estava com a v\u00edtima foi atingida na perna e socorrida para o Hospital de Trauma de Jo\u00e3o Pessoa. De acordo com o perito, n\u00e3o h\u00e1 gravidade no ferimento do sobrevivente. A Pol\u00edcia Civil abriu uma investiga\u00e7\u00e3o para identificar autoria e motiva\u00e7\u00e3o do homic\u00eddio. &nbsp; PB Agora<\/p>\n","protected":false},"author":6,"featured_media":302226,"comment_status":"closed","ping_status":"closed","sticky":false,"template":"","format":"standard","meta":{"sfsi_plus_gutenberg_text_before_share":"","sfsi_plus_gutenberg_show_text_before_share":"","sfsi_plus_gutenberg_icon_type":"","sfsi_plus_gutenberg_icon_alignemt":"","sfsi_plus_gutenburg_max_per_row":"","footnotes":""},"categories":[50,2,104,12],"tags":[],"class_list":["post-309425","post","type-post","status-publish","format-standard","has-post-thumbnail","hentry","category-destaque","category-geral","category-paraiba","category-policia"],"_links":{"self":[{"href":"https:\/\/www.caririemacao.com\/1\/wp-json\/wp\/v2\/posts\/309425","targetHints":{"allow":["GET"]}}],"collection":[{"href":"https:\/\/www.caririemacao.com\/1\/wp-json\/wp\/v2\/posts"}],"about":[{"href":"https:\/\/www.caririemacao.com\/1\/wp-json\/wp\/v2\/types\/post"}],"author":[{"embeddable":true,"href":"https:\/\/www.caririemacao.com\/1\/wp-json\/wp\/v2\/users\/6"}],"replies":[{"embeddable":true,"href":"https:\/\/www.caririemacao.com\/1\/wp-json\/wp\/v2\/comments?post=309425"}],"version-history":[{"count":1,"href":"https:\/\/www.caririemacao.com\/1\/wp-json\/wp\/v2\/posts\/309425\/revisions"}],"predecessor-version":[{"id":309426,"href":"https:\/\/www.caririemacao.com\/1\/wp-json\/wp\/v2\/posts\/309425\/revisions\/309426"}],"wp:featuredmedia":[{"embeddable":true,"href":"https:\/\/www.caririemacao.com\/1\/wp-json\/wp\/v2\/media\/302226"}],"wp:attachment":[{"href":"https:\/\/www.caririemacao.com\/1\/wp-json\/wp\/v2\/media?parent=309425"}],"wp:term":[{"taxonomy":"category","embeddable":true,"href":"https:\/\/www.caririemacao.com\/1\/wp-json\/wp\/v2\/categories?post=309425"},{"taxonomy":"post_tag","embeddable":true,"href":"https:\/\/www.caririemacao.com\/1\/wp-json\/wp\/v2\/tags?post=309425"}],"curies":[{"name":"wp","href":"https:\/\/api.w.org\/{rel}","templated":true}]}}