{"id":309472,"date":"2026-01-29T10:47:36","date_gmt":"2026-01-29T13:47:36","guid":{"rendered":"https:\/\/www.caririemacao.com\/1\/?p=309472"},"modified":"2026-01-29T10:47:36","modified_gmt":"2026-01-29T13:47:36","slug":"lula-lidera-a-largada-mas-teria-vida-dura-na-reta-final-o-que-diz-nova-pesquisa-para-a-presidencia","status":"publish","type":"post","link":"https:\/\/www.caririemacao.com\/1\/2026\/01\/29\/lula-lidera-a-largada-mas-teria-vida-dura-na-reta-final-o-que-diz-nova-pesquisa-para-a-presidencia\/","title":{"rendered":"Lula lidera a largada, mas teria vida dura na reta final: o que diz nova pesquisa para a Presid\u00eancia"},"content":{"rendered":"<p>O presidente\u00a0Luiz In\u00e1cio\u00a0Lula\u00a0da Silva\u00a0lidera a corrida presidencial nos cen\u00e1rios de primeiro turno, mas teria dificuldades contra qualquer advers\u00e1rio no segundo, de acordo com levantamento feito pelo instituto\u00a0Paran\u00e1 Pesquisas\u00a0entre os dias 25 e 28 de janeiro e divulgado nesta quinta-feira, 29.<\/p>\n<p>De acordo com a sondagem, na disputa em que o senador\u00a0Fl\u00e1vio\u00a0Bolsonaro\u00a0(PL)\u00a0seria o principal nome da direita, o petista teria 39,8% das inten\u00e7\u00f5es de voto contra 33,1% do advers\u00e1rio \u2014 a vantagem estaria fora da margem de erro de 2,2 pontos percentuais para mais ou para menos.<\/p>\n<p>Na sequ\u00eancia,\u00a0aparecem numericamente os governadores do Paran\u00e1,\u00a0Ratinho Junior, e de Goi\u00e1s,\u00a0Ronaldo Caiado, mas esse cen\u00e1rio passou a ser improv\u00e1vel desde a \u00faltima ter\u00e7a-feira, depois que o goiano anunciou que iria se juntar ao paranaense no PSD.<\/p>\n<p>O governador de Minas Gerais,\u00a0Romeu Zema (Novo), vem na sequ\u00eancia, mas ele est\u00e1 empatado na margem de erro tanto com Caiado e Ratinho Jr. quanto com\u00a0Renan Santos (Miss\u00e3o)\u00a0e\u00a0Aldo Rebelo (DC)\u00a0\u2014 veja quadro completo abaixo.<\/p>\n<figure id=\"attachment_6036001\" class=\"wp-block-image\"><img decoding=\"async\" class=\"wp-image-6036001\" title=\"Paran\u00e1 Pesquisas \u2013 Elei\u00e7\u00e3o Presidencial \u2013 primeiro turno \u2013 cen\u00e1rio 1\" src=\"https:\/\/veja.abril.com.br\/wp-content\/uploads\/2026\/01\/Parana-Pesquisas-Eleicao-Presidencial-primeiro-turno-cenario-1.jpg?quality=70&amp;strip=info&amp;w=1024&amp;crop=1\" alt=\"Paran\u00e1 Pesquisas - Elei\u00e7\u00e3o Presidencial - primeiro turno - cen\u00e1rio 1\" \/><figcaption class=\"wp-element-caption\">Paran\u00e1 Pesquisas \u2013 Elei\u00e7\u00e3o Presidencial \u2013 primeiro turno \u2013 cen\u00e1rio 1\u00a0<em>(Paran\u00e1 Pesquisas\/Reprodu\u00e7\u00e3o)<\/em><\/figcaption><\/figure>\n<p>Em outro cen\u00e1rio, no qual o nome mais forte da direita contra Lula seria o do governador de S\u00e3o Paulo,\u00a0Tarc\u00edsio de Freitas (Republicanos), o petista teria 40,7% das inten\u00e7\u00f5es de voto contra 27,5% do seu oponente \u2014 veja quadro completo abaixo.<\/p>\n<p>Esse cen\u00e1rio pressup\u00f5e que Fl\u00e1vio Bolsonaro abriria m\u00e3o da candidatura para apoiar Tarc\u00edsio, algo que j\u00e1 foi mais fortemente cogitado, mas que vem perdendo for\u00e7a nos \u00faltimos dias.<\/p>\n<p>O desfecho final sobre essa d\u00favida deve ocorrer hoje, quando est\u00e1 prevista a visita de Tarc\u00edsio ao ex-presidente\u00a0Jair Bolsonaro\u00a0na Papudinha, unidade prisional que fica dentro do Complexo da Papuda, em Bras\u00edlia. O encontro estava previsto para a semana passada, mas foi adiado a pedido de Tarc\u00edsio depois que Fl\u00e1vio disse publicamente que a reuni\u00e3o serviria para o seu pai pedir ao governador que se empenhasse mais na candidatura presidencial do filho.<\/p>\n<p>Depois desse epis\u00f3dio, Tarc\u00edsio deu mais de uma vez declara\u00e7\u00f5es em que refor\u00e7a que n\u00e3o ser\u00e1 candidato ao Pal\u00e1cio do Planalto e que ir\u00e1 apoiar a postula\u00e7\u00e3o presidencial de Fl\u00e1vio.<\/p>\n<figure id=\"attachment_6036002\" class=\"wp-block-image\"><img decoding=\"async\" class=\"wp-image-6036002\" title=\"Paran\u00e1 Pesquisas \u2013 Elei\u00e7\u00e3o Presidencial \u2013 primeiro turno \u2013 cen\u00e1rio 2\" src=\"https:\/\/veja.abril.com.br\/wp-content\/uploads\/2026\/01\/Parana-Pesquisas-Eleicao-Presidencial-primeiro-turno-cenario-2.jpg?quality=70&amp;strip=info&amp;w=1024&amp;crop=1\" alt=\"Paran\u00e1 Pesquisas - Elei\u00e7\u00e3o Presidencial - primeiro turno - cen\u00e1rio 2\" \/><figcaption class=\"wp-element-caption\">Paran\u00e1 Pesquisas \u2013 Elei\u00e7\u00e3o Presidencial \u2013 primeiro turno \u2013 cen\u00e1rio 2\u00a0<em>(Paran\u00e1 Pesquisas\/Reprodu\u00e7\u00e3o)<\/em><\/figcaption><\/figure>\n<h3 class=\"wp-block-heading\">Segundo turno<\/h3>\n<p>Se a vida de Lula no primeiro turno est\u00e1 mais ou menos tranquila, o mesmo n\u00e3o se pode dizer das proje\u00e7\u00f5es para a reta final. Segundo o Paran\u00e1 Pesquisas, o presidente empataria dentro da margem de erro nas disputas contra Fl\u00e1vio e contra Tarc\u00edsio e levaria uma pequena vantagem sobre Ratinho Jr.<\/p>\n<p>A menor diferen\u00e7a ocorre com Tarc\u00edsio, quando Lula fica apenas 1,4 ponto percentual \u00e0 frente. Com Fl\u00e1vio, a situa\u00e7\u00e3o n\u00e3o seria muito diferente: o petista teria 2,6 pontos percentuais de vantagem.<\/p>\n<p>Em rela\u00e7\u00e3o \u00e0 pesquisa divulgada pelo instituto em dezembro, todas as varia\u00e7\u00f5es entre esses candidatos no segundo turno ocorreram dentro da margem de erro.<\/p>\n<p>A \u00fanica oscila\u00e7\u00e3o negativa se deu com Ratinho Jr. \u2014 veja todos os quadros sobre o segundo turno abaixo.<\/p>\n<figure id=\"attachment_6036007\" class=\"wp-block-image\"><img decoding=\"async\" class=\"wp-image-6036007\" title=\"Paran\u00e1 Pesquisas \u2013 Elei\u00e7\u00e3o Presidencial \u2013 segundo turno\" src=\"https:\/\/veja.abril.com.br\/wp-content\/uploads\/2026\/01\/Parana-Pesquisas-Eleicao-Presidencial-segundo-turno.jpg?quality=70&amp;strip=info&amp;w=1024&amp;crop=1\" alt=\"Paran\u00e1 Pesquisas - Elei\u00e7\u00e3o Presidencial - segundo turno\" \/><figcaption class=\"wp-element-caption\">Paran\u00e1 Pesquisas \u2013 Elei\u00e7\u00e3o Presidencial \u2013 segundo turno\u00a0<em>(Paran\u00e1 Pesquisas\/Reprodu\u00e7\u00e3o)<\/em><\/figcaption><\/figure>\n<figure id=\"attachment_6036003\" class=\"wp-block-image\"><img decoding=\"async\" class=\"wp-image-6036003\" title=\"Paran\u00e1 Pesquisas \u2013 Elei\u00e7\u00e3o Presidencial \u2013 segundo turno Lula x Fl\u00e1vio \u2013 evolu\u00e7\u00e3o\" src=\"https:\/\/veja.abril.com.br\/wp-content\/uploads\/2026\/01\/Parana-Pesquisas-Eleicao-Presidencial-segundo-turno-Lula-x-Flavio-evolucao.jpg?quality=70&amp;strip=info&amp;w=1024&amp;crop=1\" alt=\"Paran\u00e1 Pesquisas - Elei\u00e7\u00e3o Presidencial - segundo turno Lula x Fl\u00e1vio - evolu\u00e7\u00e3o\" \/><figcaption class=\"wp-element-caption\">Paran\u00e1 Pesquisas \u2013 Elei\u00e7\u00e3o Presidencial \u2013 segundo turno Lula x Fl\u00e1vio \u2013 evolu\u00e7\u00e3o\u00a0<em>(Paran\u00e1 Pesquisas\/Reprodu\u00e7\u00e3o)<\/em><\/figcaption><\/figure>\n<figure id=\"attachment_6036004\" class=\"wp-block-image\"><img decoding=\"async\" class=\"wp-image-6036004\" title=\"Paran\u00e1 Pesquisas \u2013 Elei\u00e7\u00e3o Presidencial \u2013 segundo turno Lula x Tarc\u00edsio \u2013 evolu\u00e7\u00e3o\" src=\"https:\/\/veja.abril.com.br\/wp-content\/uploads\/2026\/01\/Parana-Pesquisas-Eleicao-Presidencial-segundo-turno-Lula-x-Tarcisio-evolucao.jpg?quality=70&amp;strip=info&amp;w=1024&amp;crop=1\" alt=\"Paran\u00e1 Pesquisas - Elei\u00e7\u00e3o Presidencial - segundo turno Lula x Tarc\u00edsio - evolu\u00e7\u00e3o\" \/><figcaption class=\"wp-element-caption\">Paran\u00e1 Pesquisas \u2013 Elei\u00e7\u00e3o Presidencial \u2013 segundo turno Lula x Tarc\u00edsio \u2013 evolu\u00e7\u00e3o\u00a0<em>(Paran\u00e1 Pesquisas\/Reprodu\u00e7\u00e3o)<\/em><\/figcaption><\/figure>\n<figure id=\"attachment_6036005\" class=\"wp-block-image\"><img decoding=\"async\" class=\"wp-image-6036005\" title=\"Paran\u00e1 Pesquisas \u2013 Elei\u00e7\u00e3o Presidencial \u2013 segundo turno Lula x Ratinho Jr. \u2013 evolu\u00e7\u00e3o\" src=\"https:\/\/veja.abril.com.br\/wp-content\/uploads\/2026\/01\/Parana-Pesquisas-Eleicao-Presidencial-segundo-turno-Lula-x-Ratinho-Jr.-evolucao.jpg?quality=70&amp;strip=info&amp;w=1024&amp;crop=1\" alt=\"Paran\u00e1 Pesquisas - Elei\u00e7\u00e3o Presidencial - segundo turno Lula x Ratinho Jr. - evolu\u00e7\u00e3o\" \/><figcaption class=\"wp-element-caption\">Paran\u00e1 Pesquisas \u2013 Elei\u00e7\u00e3o Presidencial \u2013 segundo turno Lula x Ratinho Jr. \u2013 evolu\u00e7\u00e3o\u00a0<em>(Paran\u00e1 Pesquisas\/Reprodu\u00e7\u00e3o)<\/em><\/figcaption><\/figure>\n<h3 class=\"wp-block-heading\">Pesquisa<\/h3>\n<p>O levantamento do Paran\u00e1 Pesquisas ouviu 2.080 eleitores em 160 munic\u00edpios dos 26 estados e do Distrito Federal e foi registrado no Tribunal Superior Eleitoral sob o n\u00ba BR-08254\/2026.<\/p>\n<p>Veja<\/p>\n","protected":false},"excerpt":{"rendered":"<p>O presidente\u00a0Luiz In\u00e1cio\u00a0Lula\u00a0da Silva\u00a0lidera a corrida presidencial nos cen\u00e1rios de primeiro turno, mas teria dificuldades contra qualquer advers\u00e1rio no segundo, de acordo com levantamento feito pelo instituto\u00a0Paran\u00e1 Pesquisas\u00a0entre os dias 25 e 28 de janeiro e divulgado nesta quinta-feira, 29. De acordo com a sondagem, na disputa em que o senador\u00a0Fl\u00e1vio\u00a0Bolsonaro\u00a0(PL)\u00a0seria o principal nome da direita, o petista teria 39,8% das inten\u00e7\u00f5es de voto contra 33,1% do advers\u00e1rio \u2014 a vantagem estaria fora da margem de erro de 2,2 pontos percentuais para mais ou para menos. Na sequ\u00eancia,\u00a0aparecem numericamente os governadores do Paran\u00e1,\u00a0Ratinho Junior, e de Goi\u00e1s,\u00a0Ronaldo Caiado, mas esse cen\u00e1rio passou a ser improv\u00e1vel desde a \u00faltima ter\u00e7a-feira, depois que o goiano anunciou que iria se juntar ao paranaense no PSD. O governador de Minas Gerais,\u00a0Romeu Zema (Novo), vem na sequ\u00eancia, mas ele est\u00e1 empatado na margem de erro tanto com Caiado e Ratinho Jr. quanto com\u00a0Renan Santos (Miss\u00e3o)\u00a0e\u00a0Aldo Rebelo (DC)\u00a0\u2014 veja quadro completo abaixo. Paran\u00e1 Pesquisas \u2013 Elei\u00e7\u00e3o Presidencial \u2013 primeiro turno \u2013 cen\u00e1rio 1\u00a0(Paran\u00e1 Pesquisas\/Reprodu\u00e7\u00e3o) Em outro cen\u00e1rio, no qual o nome mais forte da direita contra Lula seria o do governador de S\u00e3o Paulo,\u00a0Tarc\u00edsio de Freitas (Republicanos), o petista teria 40,7% das inten\u00e7\u00f5es de voto contra 27,5% do seu oponente \u2014 veja quadro completo abaixo. Esse cen\u00e1rio pressup\u00f5e que Fl\u00e1vio Bolsonaro abriria m\u00e3o da candidatura para apoiar Tarc\u00edsio, algo que j\u00e1 foi mais fortemente cogitado, mas que vem perdendo for\u00e7a nos \u00faltimos dias. O desfecho final sobre essa d\u00favida deve ocorrer hoje, quando est\u00e1 prevista a visita de Tarc\u00edsio ao ex-presidente\u00a0Jair Bolsonaro\u00a0na Papudinha, unidade prisional que fica dentro do Complexo da Papuda, em Bras\u00edlia. O encontro estava previsto para a semana passada, mas foi adiado a pedido de Tarc\u00edsio depois que Fl\u00e1vio disse publicamente que a reuni\u00e3o serviria para o seu pai pedir ao governador que se empenhasse mais na candidatura presidencial do filho. Depois desse epis\u00f3dio, Tarc\u00edsio deu mais de uma vez declara\u00e7\u00f5es em que refor\u00e7a que n\u00e3o ser\u00e1 candidato ao Pal\u00e1cio do Planalto e que ir\u00e1 apoiar a postula\u00e7\u00e3o presidencial de Fl\u00e1vio. Paran\u00e1 Pesquisas \u2013 Elei\u00e7\u00e3o Presidencial \u2013 primeiro turno \u2013 cen\u00e1rio 2\u00a0(Paran\u00e1 Pesquisas\/Reprodu\u00e7\u00e3o) Segundo turno Se a vida de Lula no primeiro turno est\u00e1 mais ou menos tranquila, o mesmo n\u00e3o se pode dizer das proje\u00e7\u00f5es para a reta final. Segundo o Paran\u00e1 Pesquisas, o presidente empataria dentro da margem de erro nas disputas contra Fl\u00e1vio e contra Tarc\u00edsio e levaria uma pequena vantagem sobre Ratinho Jr. A menor diferen\u00e7a ocorre com Tarc\u00edsio, quando Lula fica apenas 1,4 ponto percentual \u00e0 frente. Com Fl\u00e1vio, a situa\u00e7\u00e3o n\u00e3o seria muito diferente: o petista teria 2,6 pontos percentuais de vantagem. Em rela\u00e7\u00e3o \u00e0 pesquisa divulgada pelo instituto em dezembro, todas as varia\u00e7\u00f5es entre esses candidatos no segundo turno ocorreram dentro da margem de erro. A \u00fanica oscila\u00e7\u00e3o negativa se deu com Ratinho Jr. \u2014 veja todos os quadros sobre o segundo turno abaixo. Paran\u00e1 Pesquisas \u2013 Elei\u00e7\u00e3o Presidencial \u2013 segundo turno\u00a0(Paran\u00e1 Pesquisas\/Reprodu\u00e7\u00e3o) Paran\u00e1 Pesquisas \u2013 Elei\u00e7\u00e3o Presidencial \u2013 segundo turno Lula x Fl\u00e1vio \u2013 evolu\u00e7\u00e3o\u00a0(Paran\u00e1 Pesquisas\/Reprodu\u00e7\u00e3o) Paran\u00e1 Pesquisas \u2013 Elei\u00e7\u00e3o Presidencial \u2013 segundo turno Lula x Tarc\u00edsio \u2013 evolu\u00e7\u00e3o\u00a0(Paran\u00e1 Pesquisas\/Reprodu\u00e7\u00e3o) Paran\u00e1 Pesquisas \u2013 Elei\u00e7\u00e3o Presidencial \u2013 segundo turno Lula x Ratinho Jr. \u2013 evolu\u00e7\u00e3o\u00a0(Paran\u00e1 Pesquisas\/Reprodu\u00e7\u00e3o) Pesquisa O levantamento do Paran\u00e1 Pesquisas ouviu 2.080 eleitores em 160 munic\u00edpios dos 26 estados e do Distrito Federal e foi registrado no Tribunal Superior Eleitoral sob o n\u00ba BR-08254\/2026. Veja<\/p>\n","protected":false},"author":6,"featured_media":309473,"comment_status":"closed","ping_status":"closed","sticky":false,"template":"","format":"standard","meta":{"sfsi_plus_gutenberg_text_before_share":"","sfsi_plus_gutenberg_show_text_before_share":"","sfsi_plus_gutenberg_icon_type":"","sfsi_plus_gutenberg_icon_alignemt":"","sfsi_plus_gutenburg_max_per_row":"","footnotes":""},"categories":[123,50,2,11],"tags":[],"class_list":["post-309472","post","type-post","status-publish","format-standard","has-post-thumbnail","hentry","category-brasil","category-destaque","category-geral","category-politica"],"_links":{"self":[{"href":"https:\/\/www.caririemacao.com\/1\/wp-json\/wp\/v2\/posts\/309472","targetHints":{"allow":["GET"]}}],"collection":[{"href":"https:\/\/www.caririemacao.com\/1\/wp-json\/wp\/v2\/posts"}],"about":[{"href":"https:\/\/www.caririemacao.com\/1\/wp-json\/wp\/v2\/types\/post"}],"author":[{"embeddable":true,"href":"https:\/\/www.caririemacao.com\/1\/wp-json\/wp\/v2\/users\/6"}],"replies":[{"embeddable":true,"href":"https:\/\/www.caririemacao.com\/1\/wp-json\/wp\/v2\/comments?post=309472"}],"version-history":[{"count":1,"href":"https:\/\/www.caririemacao.com\/1\/wp-json\/wp\/v2\/posts\/309472\/revisions"}],"predecessor-version":[{"id":309474,"href":"https:\/\/www.caririemacao.com\/1\/wp-json\/wp\/v2\/posts\/309472\/revisions\/309474"}],"wp:featuredmedia":[{"embeddable":true,"href":"https:\/\/www.caririemacao.com\/1\/wp-json\/wp\/v2\/media\/309473"}],"wp:attachment":[{"href":"https:\/\/www.caririemacao.com\/1\/wp-json\/wp\/v2\/media?parent=309472"}],"wp:term":[{"taxonomy":"category","embeddable":true,"href":"https:\/\/www.caririemacao.com\/1\/wp-json\/wp\/v2\/categories?post=309472"},{"taxonomy":"post_tag","embeddable":true,"href":"https:\/\/www.caririemacao.com\/1\/wp-json\/wp\/v2\/tags?post=309472"}],"curies":[{"name":"wp","href":"https:\/\/api.w.org\/{rel}","templated":true}]}}