{"id":309481,"date":"2026-01-29T13:12:01","date_gmt":"2026-01-29T16:12:01","guid":{"rendered":"https:\/\/www.caririemacao.com\/1\/?p=309481"},"modified":"2026-01-29T13:14:33","modified_gmt":"2026-01-29T16:14:33","slug":"aprovados-denunciam-falhas-na-convocacao-do-concurso-da-prefeitura-de-monteiro-e-apontam-possivel-descumprimento-do-edital","status":"publish","type":"post","link":"https:\/\/www.caririemacao.com\/1\/2026\/01\/29\/aprovados-denunciam-falhas-na-convocacao-do-concurso-da-prefeitura-de-monteiro-e-apontam-possivel-descumprimento-do-edital\/","title":{"rendered":"Aprovados denunciam falhas na convoca\u00e7\u00e3o do concurso da Prefeitura de Monteiro e apontam poss\u00edvel descumprimento do edital"},"content":{"rendered":"<p>A primeira convoca\u00e7\u00e3o do concurso p\u00fablico da Prefeitura de Monteiro, publicada nesta semana, tem gerado insatisfa\u00e7\u00e3o e questionamentos por parte de candidatos aprovados. Segundo os relatos, o n\u00famero de convocados em diversos cargos n\u00e3o corresponde \u00e0s vagas imediatas previstas no edital do certame, o que, na avalia\u00e7\u00e3o dos aprovados, pode configurar descumprimento das regras estabelecidas no concurso.<\/p>\n<p><img fetchpriority=\"high\" decoding=\"async\" class=\"aligncenter wp-image-309485 size-large\" src=\"https:\/\/www.caririemacao.com\/1\/wp-content\/uploads\/2026\/01\/WhatsApp-Image-2026-01-29-at-12.52.02-978x1280.jpeg\" alt=\"\" width=\"790\" height=\"1034\" srcset=\"https:\/\/www.caririemacao.com\/1\/wp-content\/uploads\/2026\/01\/WhatsApp-Image-2026-01-29-at-12.52.02-978x1280.jpeg 978w, https:\/\/www.caririemacao.com\/1\/wp-content\/uploads\/2026\/01\/WhatsApp-Image-2026-01-29-at-12.52.02-229x300.jpeg 229w, https:\/\/www.caririemacao.com\/1\/wp-content\/uploads\/2026\/01\/WhatsApp-Image-2026-01-29-at-12.52.02-768x1005.jpeg 768w, https:\/\/www.caririemacao.com\/1\/wp-content\/uploads\/2026\/01\/WhatsApp-Image-2026-01-29-at-12.52.02.jpeg 993w\" sizes=\"(max-width: 790px) 100vw, 790px\" \/><\/p>\n<p>O caso mais citado envolve o cargo de <strong>Professor da Educa\u00e7\u00e3o Infantil<\/strong>. De acordo com o edital do concurso p\u00fablico, foram ofertadas <strong>10 vagas imediatas<\/strong> para a fun\u00e7\u00e3o. No entanto, conforme o edital de convoca\u00e7\u00e3o divulgado pela gest\u00e3o municipal, apenas <strong>04 candidatos foram chamados<\/strong>, deixando <strong>seis vagas imediatas sem convoca\u00e7\u00e3o<\/strong>, mesmo havendo aprovados dentro do n\u00famero previsto.<\/p>\n<p>Situa\u00e7\u00e3o semelhante tamb\u00e9m \u00e9 apontada em outros cargos, especialmente na \u00e1rea da educa\u00e7\u00e3o, onde o quantitativo de convocados ficou abaixo do total de vagas imediatas estabelecidas no edital vigente. Os candidatos afirmam que a convoca\u00e7\u00e3o n\u00e3o seguiu integralmente o que foi definido no certame, contrariando o princ\u00edpio da vincula\u00e7\u00e3o ao edital, que garante seguran\u00e7a jur\u00eddica e igualdade entre os concorrentes.<\/p>\n<p>O <a href=\"https:\/\/www.monteiro.pb.gov.br\/wp-content\/uploads\/2026\/01\/PMM-Edital-de-Convocacao-N-001-Concurso-Publico-Ed.-01-2025-3.pdf\"><strong>Edital de Convoca\u00e7\u00e3o n\u00ba 001\/2026<\/strong><\/a>, referente ao Concurso P\u00fablico n\u00ba 001\/2025, foi publicado no dia 28 de janeiro de 2026, convocando candidatos aprovados para confirma\u00e7\u00e3o de interesse e apresenta\u00e7\u00e3o de documentos. Entretanto, ao analisar o Anexo I \u2013 Lista de Convocados, os aprovados identificaram diverg\u00eancias entre o n\u00famero de vagas previstas no edital do concurso e o total de convocados nesta primeira etapa.<\/p>\n<p>Para preservar a identidade das fontes e garantir seguran\u00e7a, os denunciantes optaram por n\u00e3o ter seus nomes divulgados. Eles ressaltam que a expectativa leg\u00edtima era de que todas as vagas imediatas fossem preenchidas, uma vez que o concurso j\u00e1 foi devidamente homologado, e destacam que n\u00e3o se trata de cadastro de reserva, mas de vagas expressamente previstas no edital.<\/p>\n<p>Diante do cen\u00e1rio, os aprovados cobram esclarecimentos da Prefeitura de Monteiro e solicitam que a gest\u00e3o municipal se manifeste oficialmente sobre os crit\u00e9rios adotados na convoca\u00e7\u00e3o parcial, bem como informe se haver\u00e1 novas chamadas para contemplar todas as vagas imediatas previstas no concurso.<\/p>\n<p><a href=\"https:\/\/www.monteiro.pb.gov.br\/wp-content\/uploads\/2026\/01\/PMM-Edital-de-Convocacao-N-001-Concurso-Publico-Ed.-01-2025-3.pdf\"><strong>EDITAL DE CONVOCA\u00c7\u00c3O<\/strong><\/a><\/p>\n<p><strong>Espa\u00e7o aberto<\/strong><\/p>\n<p>O <strong>CARIRI EM A\u00c7\u00c3O<\/strong> mant\u00e9m espa\u00e7o aberto para que a <strong>Prefeitura Municipal de Monteiro<\/strong> se pronuncie sobre a den\u00fancia apresentada pelos candidatos aprovados, esclarecendo os pontos levantados e informando as provid\u00eancias que ser\u00e3o adotadas. Assim que houver manifesta\u00e7\u00e3o oficial, o posicionamento da gest\u00e3o ser\u00e1 publicado integralmente.<\/p>\n<p><strong>CARIRI EM A\u00c7\u00c3O<\/strong><\/p>\n","protected":false},"excerpt":{"rendered":"<p>A primeira convoca\u00e7\u00e3o do concurso p\u00fablico da Prefeitura de Monteiro, publicada nesta semana, tem gerado insatisfa\u00e7\u00e3o e questionamentos por parte de candidatos aprovados. Segundo os relatos, o n\u00famero de convocados em diversos cargos n\u00e3o corresponde \u00e0s vagas imediatas previstas no edital do certame, o que, na avalia\u00e7\u00e3o dos aprovados, pode configurar descumprimento das regras estabelecidas no concurso. O caso mais citado envolve o cargo de Professor da Educa\u00e7\u00e3o Infantil. De acordo com o edital do concurso p\u00fablico, foram ofertadas 10 vagas imediatas para a fun\u00e7\u00e3o. No entanto, conforme o edital de convoca\u00e7\u00e3o divulgado pela gest\u00e3o municipal, apenas 04 candidatos foram chamados, deixando seis vagas imediatas sem convoca\u00e7\u00e3o, mesmo havendo aprovados dentro do n\u00famero previsto. Situa\u00e7\u00e3o semelhante tamb\u00e9m \u00e9 apontada em outros cargos, especialmente na \u00e1rea da educa\u00e7\u00e3o, onde o quantitativo de convocados ficou abaixo do total de vagas imediatas estabelecidas no edital vigente. Os candidatos afirmam que a convoca\u00e7\u00e3o n\u00e3o seguiu integralmente o que foi definido no certame, contrariando o princ\u00edpio da vincula\u00e7\u00e3o ao edital, que garante seguran\u00e7a jur\u00eddica e igualdade entre os concorrentes. O Edital de Convoca\u00e7\u00e3o n\u00ba 001\/2026, referente ao Concurso P\u00fablico n\u00ba 001\/2025, foi publicado no dia 28 de janeiro de 2026, convocando candidatos aprovados para confirma\u00e7\u00e3o de interesse e apresenta\u00e7\u00e3o de documentos. Entretanto, ao analisar o Anexo I \u2013 Lista de Convocados, os aprovados identificaram diverg\u00eancias entre o n\u00famero de vagas previstas no edital do concurso e o total de convocados nesta primeira etapa. Para preservar a identidade das fontes e garantir seguran\u00e7a, os denunciantes optaram por n\u00e3o ter seus nomes divulgados. Eles ressaltam que a expectativa leg\u00edtima era de que todas as vagas imediatas fossem preenchidas, uma vez que o concurso j\u00e1 foi devidamente homologado, e destacam que n\u00e3o se trata de cadastro de reserva, mas de vagas expressamente previstas no edital. Diante do cen\u00e1rio, os aprovados cobram esclarecimentos da Prefeitura de Monteiro e solicitam que a gest\u00e3o municipal se manifeste oficialmente sobre os crit\u00e9rios adotados na convoca\u00e7\u00e3o parcial, bem como informe se haver\u00e1 novas chamadas para contemplar todas as vagas imediatas previstas no concurso. EDITAL DE CONVOCA\u00c7\u00c3O Espa\u00e7o aberto O CARIRI EM A\u00c7\u00c3O mant\u00e9m espa\u00e7o aberto para que a Prefeitura Municipal de Monteiro se pronuncie sobre a den\u00fancia apresentada pelos candidatos aprovados, esclarecendo os pontos levantados e informando as provid\u00eancias que ser\u00e3o adotadas. Assim que houver manifesta\u00e7\u00e3o oficial, o posicionamento da gest\u00e3o ser\u00e1 publicado integralmente. CARIRI EM A\u00c7\u00c3O<\/p>\n","protected":false},"author":6,"featured_media":309483,"comment_status":"closed","ping_status":"closed","sticky":false,"template":"","format":"standard","meta":{"sfsi_plus_gutenberg_text_before_share":"","sfsi_plus_gutenberg_show_text_before_share":"","sfsi_plus_gutenberg_icon_type":"","sfsi_plus_gutenberg_icon_alignemt":"","sfsi_plus_gutenburg_max_per_row":"","footnotes":""},"categories":[109,50,81],"tags":[],"class_list":["post-309481","post","type-post","status-publish","format-standard","has-post-thumbnail","hentry","category-concurso","category-destaque","category-monteiro"],"_links":{"self":[{"href":"https:\/\/www.caririemacao.com\/1\/wp-json\/wp\/v2\/posts\/309481","targetHints":{"allow":["GET"]}}],"collection":[{"href":"https:\/\/www.caririemacao.com\/1\/wp-json\/wp\/v2\/posts"}],"about":[{"href":"https:\/\/www.caririemacao.com\/1\/wp-json\/wp\/v2\/types\/post"}],"author":[{"embeddable":true,"href":"https:\/\/www.caririemacao.com\/1\/wp-json\/wp\/v2\/users\/6"}],"replies":[{"embeddable":true,"href":"https:\/\/www.caririemacao.com\/1\/wp-json\/wp\/v2\/comments?post=309481"}],"version-history":[{"count":3,"href":"https:\/\/www.caririemacao.com\/1\/wp-json\/wp\/v2\/posts\/309481\/revisions"}],"predecessor-version":[{"id":309487,"href":"https:\/\/www.caririemacao.com\/1\/wp-json\/wp\/v2\/posts\/309481\/revisions\/309487"}],"wp:featuredmedia":[{"embeddable":true,"href":"https:\/\/www.caririemacao.com\/1\/wp-json\/wp\/v2\/media\/309483"}],"wp:attachment":[{"href":"https:\/\/www.caririemacao.com\/1\/wp-json\/wp\/v2\/media?parent=309481"}],"wp:term":[{"taxonomy":"category","embeddable":true,"href":"https:\/\/www.caririemacao.com\/1\/wp-json\/wp\/v2\/categories?post=309481"},{"taxonomy":"post_tag","embeddable":true,"href":"https:\/\/www.caririemacao.com\/1\/wp-json\/wp\/v2\/tags?post=309481"}],"curies":[{"name":"wp","href":"https:\/\/api.w.org\/{rel}","templated":true}]}}