{"id":309488,"date":"2026-01-29T13:42:10","date_gmt":"2026-01-29T16:42:10","guid":{"rendered":"https:\/\/www.caririemacao.com\/1\/?p=309488"},"modified":"2026-01-29T13:42:10","modified_gmt":"2026-01-29T16:42:10","slug":"bruno-diz-que-muito-provavelmente-nao-ira-a-evento-de-apoio-a-cicero-em-campina-grande","status":"publish","type":"post","link":"https:\/\/www.caririemacao.com\/1\/2026\/01\/29\/bruno-diz-que-muito-provavelmente-nao-ira-a-evento-de-apoio-a-cicero-em-campina-grande\/","title":{"rendered":"Bruno diz que \u2018muito provavelmente\u2019 n\u00e3o ir\u00e1 a evento de apoio a C\u00edcero em Campina Grande"},"content":{"rendered":"<p data-start=\"102\" data-end=\"462\">O prefeito de Campina Grande, Bruno Cunha Lima (Uni\u00e3o), revelou, na manh\u00e3 desta quinta-feira (29), que \u201cmuito provavelmente\u201d n\u00e3o estar\u00e1 presente no evento organizado por Pedro Cunha Lima (PSD), marcado para esta sexta-feira (30), em apoio \u00e0 pr\u00e9-candidatura do prefeito de Jo\u00e3o Pessoa, C\u00edcero Lucena (MDB).<\/p>\n<p data-start=\"102\" data-end=\"462\"><span class=\"cursor-pointer group\" title=\"Reproduzir a partir de 0:00\"><span class=\"group-hover:bg-base-200 rounded p-0.5 -m-0.5\" data-start=\"0\" data-end=\"7620\">\u201cMuito provavelmente n\u00e3o. Obviamente a gente faz parte de um contexto pol\u00edtico.<\/span><\/span><span class=\"opacity-80 text-sm\" data-timestamp=\"\">\u00a0<\/span><span class=\"cursor-pointer group\" title=\"Reproduzir a partir de 0:09\"><span class=\"group-hover:bg-base-200 rounded p-0.5 -m-0.5\" data-start=\"8960\" data-end=\"18280\">N\u00e3o vejo problema, estou dizendo de cora\u00e7\u00e3o, n\u00e3o vejo problema algum de Pedro e o PSD fazerem op\u00e7\u00f5es pol\u00edticas.\u00a0<\/span><\/span><span class=\"cursor-pointer group\" title=\"Reproduzir a partir de 0:18\"><span class=\"group-hover:bg-base-200 rounded p-0.5 -m-0.5\" data-start=\"18480\" data-end=\"26740\">Acho que faz parte do processo democr\u00e1tico. E o processo democr\u00e1tico n\u00e3o \u00e9 e nunca ser\u00e1 e nem poder\u00e1 ser jamais uma imposi\u00e7\u00e3o\u201d, disse Bruno.<\/span><\/span><\/p>\n<p data-start=\"102\" data-end=\"462\">Ele participou, na manh\u00e3 desta quinta-feira (29), ao lado do senador Efraim Filho, do evento de lan\u00e7amento do Encontro para a Consci\u00eancia Crist\u00e3. Durante a agenda, o gestor destacou a parceria com o senador e pr\u00e9-candidato ao Governo do Estado.<\/p>\n<p data-start=\"1532\" data-end=\"1823\">Para Bruno, diverg\u00eancias de posicionamento s\u00e3o \u201ccomuns no processo democr\u00e1tico\u201d e n\u00e3o inviabilizam alian\u00e7as futuras, inclusive para um poss\u00edvel segundo turno.<\/p>\n<p><span class=\"cursor-pointer group\" title=\"Reproduzir a partir de 0:27\"><span class=\"group-hover:bg-base-200 rounded p-0.5 -m-0.5\" data-start=\"26740\" data-end=\"36740\">\u201cPedro tem as rela\u00e7\u00f5es dentro do partido dele, onde ele est\u00e1 filiado. Ele\u00a0<\/span><\/span><span class=\"cursor-pointer group\" title=\"Reproduzir a partir de 0:27\"><span class=\"group-hover:bg-base-200 rounded p-0.5 -m-0.5\" data-start=\"26740\" data-end=\"36740\">dialoga com os filiados e a partir dessas decis\u00f5es,\u00a0<\/span><\/span><span class=\"cursor-pointer group\" title=\"Reproduzir a partir de 0:37\"><span class=\"group-hover:bg-base-200 rounded p-0.5 -m-0.5\" data-start=\"36740\" data-end=\"47840\">o partido tem tomado, enfim, marcou data e hor\u00e1rio para fazer an\u00fancio a respeito de decis\u00f5es visando as elei\u00e7\u00f5es desse ano.<\/span><\/span>\u00a0<span class=\"cursor-pointer group\" title=\"Reproduzir a partir de 0:48\"><span class=\"group-hover:bg-base-200 rounded p-0.5 -m-0.5\" data-start=\"47840\" data-end=\"53700\">Ent\u00e3o, eu n\u00e3o vejo problema algum nisso. Nem \u00e9 ilegal, nem \u00e9 imoral e nem engorda\u201d, declarou.<\/span><\/span><\/p>\n<p><span class=\"cursor-pointer group\" title=\"Reproduzir a partir de 0:54\"><span class=\"group-hover:bg-base-200 rounded p-0.5 -m-0.5\" data-start=\"53780\" data-end=\"60100\">\u201cFaz parte do processo democr\u00e1tico. A gente busca trabalhar, sobretudo, com respeito.<\/span><\/span><span class=\"opacity-80 text-sm\" data-timestamp=\"\">\u00a0<\/span><span class=\"cursor-pointer group\" title=\"Reproduzir a partir de 1:00\"><span class=\"group-hover:bg-base-200 rounded p-0.5 -m-0.5\" data-start=\"60460\" data-end=\"67900\">At\u00e9 porque, em um determinado momento, talvez n\u00e3o seja poss\u00edvel estar todo mundo em um mesmo palanque.\u00a0<\/span><\/span><span class=\"cursor-pointer group\" title=\"Reproduzir a partir de 1:08\"><span class=\"group-hover:bg-base-200 rounded p-0.5 -m-0.5\" data-start=\"67900\" data-end=\"78140\">Mas \u00e9 poss\u00edvel. Ali\u00e1s, mais do que poss\u00edvel, \u00e9 muito prov\u00e1vel que estejamos presentes em uma candidatura, outra, enfim.\u00a0<\/span><\/span><span class=\"cursor-pointer group\" title=\"Reproduzir a partir de 1:18\"><span class=\"group-hover:bg-base-200 rounded p-0.5 -m-0.5\" data-start=\"78360\" data-end=\"84100\">Mas que estejamos, e trabalho por isso, possivelmente juntos em um segundo turno\u201d, concluiu Cunha Lima.<\/span><\/span><\/p>\n<p>MaisPB<\/p>\n","protected":false},"excerpt":{"rendered":"<p>O prefeito de Campina Grande, Bruno Cunha Lima (Uni\u00e3o), revelou, na manh\u00e3 desta quinta-feira (29), que \u201cmuito provavelmente\u201d n\u00e3o estar\u00e1 presente no evento organizado por Pedro Cunha Lima (PSD), marcado para esta sexta-feira (30), em apoio \u00e0 pr\u00e9-candidatura do prefeito de Jo\u00e3o Pessoa, C\u00edcero Lucena (MDB). \u201cMuito provavelmente n\u00e3o. Obviamente a gente faz parte de um contexto pol\u00edtico.\u00a0N\u00e3o vejo problema, estou dizendo de cora\u00e7\u00e3o, n\u00e3o vejo problema algum de Pedro e o PSD fazerem op\u00e7\u00f5es pol\u00edticas.\u00a0Acho que faz parte do processo democr\u00e1tico. E o processo democr\u00e1tico n\u00e3o \u00e9 e nunca ser\u00e1 e nem poder\u00e1 ser jamais uma imposi\u00e7\u00e3o\u201d, disse Bruno. Ele participou, na manh\u00e3 desta quinta-feira (29), ao lado do senador Efraim Filho, do evento de lan\u00e7amento do Encontro para a Consci\u00eancia Crist\u00e3. Durante a agenda, o gestor destacou a parceria com o senador e pr\u00e9-candidato ao Governo do Estado. Para Bruno, diverg\u00eancias de posicionamento s\u00e3o \u201ccomuns no processo democr\u00e1tico\u201d e n\u00e3o inviabilizam alian\u00e7as futuras, inclusive para um poss\u00edvel segundo turno. \u201cPedro tem as rela\u00e7\u00f5es dentro do partido dele, onde ele est\u00e1 filiado. Ele\u00a0dialoga com os filiados e a partir dessas decis\u00f5es,\u00a0o partido tem tomado, enfim, marcou data e hor\u00e1rio para fazer an\u00fancio a respeito de decis\u00f5es visando as elei\u00e7\u00f5es desse ano.\u00a0Ent\u00e3o, eu n\u00e3o vejo problema algum nisso. Nem \u00e9 ilegal, nem \u00e9 imoral e nem engorda\u201d, declarou. \u201cFaz parte do processo democr\u00e1tico. A gente busca trabalhar, sobretudo, com respeito.\u00a0At\u00e9 porque, em um determinado momento, talvez n\u00e3o seja poss\u00edvel estar todo mundo em um mesmo palanque.\u00a0Mas \u00e9 poss\u00edvel. Ali\u00e1s, mais do que poss\u00edvel, \u00e9 muito prov\u00e1vel que estejamos presentes em uma candidatura, outra, enfim.\u00a0Mas que estejamos, e trabalho por isso, possivelmente juntos em um segundo turno\u201d, concluiu Cunha Lima. MaisPB<\/p>\n","protected":false},"author":6,"featured_media":309490,"comment_status":"closed","ping_status":"closed","sticky":false,"template":"","format":"standard","meta":{"sfsi_plus_gutenberg_text_before_share":"","sfsi_plus_gutenberg_show_text_before_share":"","sfsi_plus_gutenberg_icon_type":"","sfsi_plus_gutenberg_icon_alignemt":"","sfsi_plus_gutenburg_max_per_row":"","footnotes":""},"categories":[50,2,1,104,11],"tags":[],"class_list":["post-309488","post","type-post","status-publish","format-standard","has-post-thumbnail","hentry","category-destaque","category-geral","category-o-site","category-paraiba","category-politica"],"_links":{"self":[{"href":"https:\/\/www.caririemacao.com\/1\/wp-json\/wp\/v2\/posts\/309488","targetHints":{"allow":["GET"]}}],"collection":[{"href":"https:\/\/www.caririemacao.com\/1\/wp-json\/wp\/v2\/posts"}],"about":[{"href":"https:\/\/www.caririemacao.com\/1\/wp-json\/wp\/v2\/types\/post"}],"author":[{"embeddable":true,"href":"https:\/\/www.caririemacao.com\/1\/wp-json\/wp\/v2\/users\/6"}],"replies":[{"embeddable":true,"href":"https:\/\/www.caririemacao.com\/1\/wp-json\/wp\/v2\/comments?post=309488"}],"version-history":[{"count":2,"href":"https:\/\/www.caririemacao.com\/1\/wp-json\/wp\/v2\/posts\/309488\/revisions"}],"predecessor-version":[{"id":309491,"href":"https:\/\/www.caririemacao.com\/1\/wp-json\/wp\/v2\/posts\/309488\/revisions\/309491"}],"wp:featuredmedia":[{"embeddable":true,"href":"https:\/\/www.caririemacao.com\/1\/wp-json\/wp\/v2\/media\/309490"}],"wp:attachment":[{"href":"https:\/\/www.caririemacao.com\/1\/wp-json\/wp\/v2\/media?parent=309488"}],"wp:term":[{"taxonomy":"category","embeddable":true,"href":"https:\/\/www.caririemacao.com\/1\/wp-json\/wp\/v2\/categories?post=309488"},{"taxonomy":"post_tag","embeddable":true,"href":"https:\/\/www.caririemacao.com\/1\/wp-json\/wp\/v2\/tags?post=309488"}],"curies":[{"name":"wp","href":"https:\/\/api.w.org\/{rel}","templated":true}]}}