{"id":309569,"date":"2026-02-01T12:26:13","date_gmt":"2026-02-01T15:26:13","guid":{"rendered":"https:\/\/www.caririemacao.com\/1\/?p=309569"},"modified":"2026-02-01T12:26:13","modified_gmt":"2026-02-01T15:26:13","slug":"ex-policial-e-preso-por-comandar-esquema-para-venda-de-drogas-na-paraiba","status":"publish","type":"post","link":"https:\/\/www.caririemacao.com\/1\/2026\/02\/01\/ex-policial-e-preso-por-comandar-esquema-para-venda-de-drogas-na-paraiba\/","title":{"rendered":"Ex-policial \u00e9 preso por comandar esquema para venda de drogas na Para\u00edba"},"content":{"rendered":"<p data-start=\"165\" data-end=\"544\">Uma opera\u00e7\u00e3o resultou na pris\u00e3o de um homem apontado como um dos principais articuladores da venda de drogas por meio de lojas virtuais na Para\u00edba. A a\u00e7\u00e3o foi realizada na noite deste s\u00e1bado (31) e foi coordenada pela Delegacia de Repress\u00e3o ao Crime Organizado (DRACO), com apoio da Pol\u00edcia Rodovi\u00e1ria Federal (PRF) e de unidades especializadas da Pol\u00edcia Civil.<\/p>\n<p data-start=\"546\" data-end=\"826\">De acordo com as investiga\u00e7\u00f5es, o suspeito \u00e9 considerado o maior criador de plataformas virtuais utilizadas para o com\u00e9rcio ilegal de entorpecentes no estado. Ex-policial penal no Rio Grande do Norte, ele tamb\u00e9m \u00e9 irm\u00e3o de um dos maiores traficantes da Para\u00edba, segundo a pol\u00edcia.<\/p>\n<p data-start=\"828\" data-end=\"1125\">O investigado j\u00e1 havia sido preso em 2025, quando utilizava tornozeleira eletr\u00f4nica, mas acabou retomando as atividades criminosas ap\u00f3s passar por audi\u00eancia de cust\u00f3dia. Desde ent\u00e3o, passou a se dedicar exclusivamente \u00e0 estrutura\u00e7\u00e3o de lojas virtuais para a venda de drogas, permanecendo foragido.<\/p>\n<p data-start=\"1405\" data-end=\"1573\" data-is-last-node=\"\" data-is-only-node=\"\">As investiga\u00e7\u00f5es seguem em andamento para identificar outros envolvidos no esquema e aprofundar a apura\u00e7\u00e3o sobre a atua\u00e7\u00e3o da organiza\u00e7\u00e3o criminosa no ambiente digital.<\/p>\n<p data-start=\"1405\" data-end=\"1573\" data-is-last-node=\"\" data-is-only-node=\"\">MaisPB<\/p>\n","protected":false},"excerpt":{"rendered":"<p>Uma opera\u00e7\u00e3o resultou na pris\u00e3o de um homem apontado como um dos principais articuladores da venda de drogas por meio de lojas virtuais na Para\u00edba.&hellip; <\/p>\n","protected":false},"author":6,"featured_media":309570,"comment_status":"closed","ping_status":"closed","sticky":false,"template":"","format":"standard","meta":{"sfsi_plus_gutenberg_text_before_share":"","sfsi_plus_gutenberg_show_text_before_share":"","sfsi_plus_gutenberg_icon_type":"","sfsi_plus_gutenberg_icon_alignemt":"","sfsi_plus_gutenburg_max_per_row":"","footnotes":""},"categories":[50,2,104,12],"tags":[],"class_list":["post-309569","post","type-post","status-publish","format-standard","has-post-thumbnail","hentry","category-destaque","category-geral","category-paraiba","category-policia"],"_links":{"self":[{"href":"https:\/\/www.caririemacao.com\/1\/wp-json\/wp\/v2\/posts\/309569","targetHints":{"allow":["GET"]}}],"collection":[{"href":"https:\/\/www.caririemacao.com\/1\/wp-json\/wp\/v2\/posts"}],"about":[{"href":"https:\/\/www.caririemacao.com\/1\/wp-json\/wp\/v2\/types\/post"}],"author":[{"embeddable":true,"href":"https:\/\/www.caririemacao.com\/1\/wp-json\/wp\/v2\/users\/6"}],"replies":[{"embeddable":true,"href":"https:\/\/www.caririemacao.com\/1\/wp-json\/wp\/v2\/comments?post=309569"}],"version-history":[{"count":1,"href":"https:\/\/www.caririemacao.com\/1\/wp-json\/wp\/v2\/posts\/309569\/revisions"}],"predecessor-version":[{"id":309571,"href":"https:\/\/www.caririemacao.com\/1\/wp-json\/wp\/v2\/posts\/309569\/revisions\/309571"}],"wp:featuredmedia":[{"embeddable":true,"href":"https:\/\/www.caririemacao.com\/1\/wp-json\/wp\/v2\/media\/309570"}],"wp:attachment":[{"href":"https:\/\/www.caririemacao.com\/1\/wp-json\/wp\/v2\/media?parent=309569"}],"wp:term":[{"taxonomy":"category","embeddable":true,"href":"https:\/\/www.caririemacao.com\/1\/wp-json\/wp\/v2\/categories?post=309569"},{"taxonomy":"post_tag","embeddable":true,"href":"https:\/\/www.caririemacao.com\/1\/wp-json\/wp\/v2\/tags?post=309569"}],"curies":[{"name":"wp","href":"https:\/\/api.w.org\/{rel}","templated":true}]}}