{"id":309572,"date":"2026-02-01T12:34:45","date_gmt":"2026-02-01T15:34:45","guid":{"rendered":"https:\/\/www.caririemacao.com\/1\/?p=309572"},"modified":"2026-02-01T12:34:45","modified_gmt":"2026-02-01T15:34:45","slug":"tovar-comenta-apoio-de-bruno-a-efraim-filho-mas-aposta-em-uniao-da-oposicao-no-segundo-turno","status":"publish","type":"post","link":"https:\/\/www.caririemacao.com\/1\/2026\/02\/01\/tovar-comenta-apoio-de-bruno-a-efraim-filho-mas-aposta-em-uniao-da-oposicao-no-segundo-turno\/","title":{"rendered":"Tovar comenta apoio de Bruno a Efraim Filho, mas aposta em uni\u00e3o da oposi\u00e7\u00e3o no segundo turno"},"content":{"rendered":"<p>O deputado estadual Tovar Correia Lima (PSDB), comentou a decis\u00e3o do prefeito de Campina Grande, Bruno Cunha Lima (Uni\u00e3o Brasil), de apoiar o senador Efraim Filho (Uni\u00e3o Brasil\u2013PB), na disputa pelo Governo da Para\u00edba. A posi\u00e7\u00e3o de Bruno contrasta com a do grupo Cunha Lima, que j\u00e1 declarou apoio \u00e0 pr\u00e9-candidatura do prefeito de Jo\u00e3o Pessoa, C\u00edcero Lucena (MDB), mas, segundo Tovar, n\u00e3o representa um rompimento definitivo dentro da oposi\u00e7\u00e3o.<\/p>\n<p>Durante entrevista, o parlamentar afirmou que a manifesta\u00e7\u00e3o de Bruno \u00e9 leg\u00edtima e deve ser compreendida dentro do hist\u00f3rico pol\u00edtico do senador Efraim Filho, que, segundo ele, mant\u00e9m atua\u00e7\u00e3o relevante tanto no cen\u00e1rio nacional quanto no estadual.<\/p>\n<p>\u201cTodos n\u00f3s votamos em Efraim, acreditamos na proposta e no trabalho dele e ainda acreditamos. Ele \u00e9 o nosso senador hoje, tem uma voz muito ativa e uma participa\u00e7\u00e3o pol\u00edtica importante\u201d, afirmou.<\/p>\n<p>Tovar destacou que o surgimento de uma nova candidatura competitiva dentro do campo oposicionista, no caso a de C\u00edcero Lucena, mudou o cen\u00e1rio e abriu uma disputa interna entre dois projetos.<\/p>\n<p>\u201cDiante de uma circunst\u00e2ncia de uma outra candidatura da oposi\u00e7\u00e3o vindo se incorporar, que \u00e9 a de C\u00edcero Lucena, h\u00e1 uma discuss\u00e3o entre duas op\u00e7\u00f5es, entre duas candidaturas\u201d, explicou.<\/p>\n<p>Segundo o deputado, o apoio de Bruno Cunha Lima a Efraim Filho ocorre no contexto do primeiro turno e se justifica pela rela\u00e7\u00e3o institucional constru\u00edda ao longo dos \u00faltimos anos.<\/p>\n<p>\u201cBruno se manifesta em favor da candidatura de Efraim, o que \u00e9 leg\u00edtimo. Efraim tem ajudado Campina Grande, assim como o senador Veneziano e o deputado Romero Rodrigues\u201d, disse.<\/p>\n<p>Apesar disso, Tovar ponderou que o tema ainda precisa ser debatido internamente pelo grupo pol\u00edtico, lembrando que as principais lideran\u00e7as caminharam juntas nas \u00faltimas elei\u00e7\u00f5es.<\/p>\n<p>\u201cEsse mesmo grupo precisa discutir entre si para tomar uma defini\u00e7\u00e3o. N\u00f3s est\u00e1vamos todos juntos na campanha de Bruno, n\u00e3o faz tanto tempo assim\u201d, afirmou.<\/p>\n<p>Para o deputado, a candidatura de Efraim Filho est\u00e1 consolidada e representa um campo pol\u00edtico espec\u00edfico, o que torna inevit\u00e1vel a disputa no primeiro turno.<\/p>\n<p>\u201cEu vejo que n\u00e3o tem mais retorno. A candidatura de Efraim est\u00e1 posta, at\u00e9 pela defesa clara de um governo de direita, e ele ter\u00e1 esse espa\u00e7o dentro da Para\u00edba\u201d, avaliou.<\/p>\n<p>Mesmo com a divis\u00e3o inicial, Tovar disse n\u00e3o ter d\u00favidas de que, caso a disputa avance para o segundo turno, a oposi\u00e7\u00e3o dever\u00e1 se reunificar.<\/p>\n<p>\u201cSe n\u00e3o for no primeiro turno, no segundo turno haver\u00e1, eu n\u00e3o tenho d\u00favidas, uma uni\u00e3o desse grupo que sempre esteve junto e sempre foi muito unido\u201d, concluiu.<\/p>\n<p>&nbsp;<\/p>\n<p>Fonte83<\/p>\n","protected":false},"excerpt":{"rendered":"<p>O deputado estadual Tovar Correia Lima (PSDB), comentou a decis\u00e3o do prefeito de Campina Grande, Bruno Cunha Lima (Uni\u00e3o Brasil), de apoiar o senador Efraim&hellip; <\/p>\n","protected":false},"author":6,"featured_media":309573,"comment_status":"closed","ping_status":"closed","sticky":false,"template":"","format":"standard","meta":{"sfsi_plus_gutenberg_text_before_share":"","sfsi_plus_gutenberg_show_text_before_share":"","sfsi_plus_gutenberg_icon_type":"","sfsi_plus_gutenberg_icon_alignemt":"","sfsi_plus_gutenburg_max_per_row":"","footnotes":""},"categories":[50,2,104,11],"tags":[],"class_list":["post-309572","post","type-post","status-publish","format-standard","has-post-thumbnail","hentry","category-destaque","category-geral","category-paraiba","category-politica"],"_links":{"self":[{"href":"https:\/\/www.caririemacao.com\/1\/wp-json\/wp\/v2\/posts\/309572","targetHints":{"allow":["GET"]}}],"collection":[{"href":"https:\/\/www.caririemacao.com\/1\/wp-json\/wp\/v2\/posts"}],"about":[{"href":"https:\/\/www.caririemacao.com\/1\/wp-json\/wp\/v2\/types\/post"}],"author":[{"embeddable":true,"href":"https:\/\/www.caririemacao.com\/1\/wp-json\/wp\/v2\/users\/6"}],"replies":[{"embeddable":true,"href":"https:\/\/www.caririemacao.com\/1\/wp-json\/wp\/v2\/comments?post=309572"}],"version-history":[{"count":1,"href":"https:\/\/www.caririemacao.com\/1\/wp-json\/wp\/v2\/posts\/309572\/revisions"}],"predecessor-version":[{"id":309574,"href":"https:\/\/www.caririemacao.com\/1\/wp-json\/wp\/v2\/posts\/309572\/revisions\/309574"}],"wp:featuredmedia":[{"embeddable":true,"href":"https:\/\/www.caririemacao.com\/1\/wp-json\/wp\/v2\/media\/309573"}],"wp:attachment":[{"href":"https:\/\/www.caririemacao.com\/1\/wp-json\/wp\/v2\/media?parent=309572"}],"wp:term":[{"taxonomy":"category","embeddable":true,"href":"https:\/\/www.caririemacao.com\/1\/wp-json\/wp\/v2\/categories?post=309572"},{"taxonomy":"post_tag","embeddable":true,"href":"https:\/\/www.caririemacao.com\/1\/wp-json\/wp\/v2\/tags?post=309572"}],"curies":[{"name":"wp","href":"https:\/\/api.w.org\/{rel}","templated":true}]}}