{"id":309578,"date":"2026-02-01T15:11:34","date_gmt":"2026-02-01T18:11:34","guid":{"rendered":"https:\/\/www.caririemacao.com\/1\/?p=309578"},"modified":"2026-02-01T15:11:34","modified_gmt":"2026-02-01T18:11:34","slug":"felix-junior-projeta-santa-luzia-e-a-paraiba-no-maior-encontro-de-legislativos-da-america-latina","status":"publish","type":"post","link":"https:\/\/www.caririemacao.com\/1\/2026\/02\/01\/felix-junior-projeta-santa-luzia-e-a-paraiba-no-maior-encontro-de-legislativos-da-america-latina\/","title":{"rendered":"Felix J\u00fanior projeta Santa Luzia e a Para\u00edba no maior encontro de Legislativos da Am\u00e9rica Latina"},"content":{"rendered":"<p data-start=\"212\" data-end=\"482\">Opresidente da C\u00e2mara Municipal de Santa Luzia e da FECAM-PB, Felix J\u00fanior, recebeu das m\u00e3os do presidente da Uni\u00e3o dos Vereadores do Brasil (UVB) a camiseta oficial da\u00a0<span data-start=\"382\" data-end=\"431\">Marcha dos Gestores e Legislativos Municipais<\/span>, evento que acontece no m\u00eas de abril, em Bras\u00edlia.<\/p>\n<p data-start=\"484\" data-end=\"732\">O gesto simb\u00f3lico destaca o reconhecimento nacional ao trabalho desenvolvido por Felix J\u00fanior \u00e0 frente do Legislativo municipal e do fortalecimento das c\u00e2maras da Para\u00edba, consolidando o estado como refer\u00eancia no movimento municipalista brasileiro.<\/p>\n<p data-start=\"734\" data-end=\"1083\">A\u00a0<span data-start=\"736\" data-end=\"750\">Marcha UVB<\/span>\u00a0\u00e9 considerada o\u00a0<span data-start=\"767\" data-end=\"830\">maior encontro de Legislativos Municipais da Am\u00e9rica Latina<\/span>, reunindo vereadores, presidentes de c\u00e2maras, gestores p\u00fablicos e lideran\u00e7as pol\u00edticas de todo o pa\u00eds. O evento tem como foco o debate de pautas fundamentais para os munic\u00edpios, a valoriza\u00e7\u00e3o do Poder Legislativo e o fortalecimento da democracia local.<\/p>\n<p data-start=\"1085\" data-end=\"1396\">Para Felix J\u00fanior, a participa\u00e7\u00e3o na Marcha representa uma oportunidade estrat\u00e9gica de di\u00e1logo com lideran\u00e7as nacionais e de defesa dos interesses dos munic\u00edpios paraibanos no Congresso Nacional e em \u00f3rg\u00e3os federais.\u00a0&#8220;\u00c9 um espa\u00e7o de uni\u00e3o, aprendizado e constru\u00e7\u00e3o coletiva em favor do municipalismo&#8221;,\u00a0destacou.<\/p>\n<p data-start=\"1398\" data-end=\"1601\">A presen\u00e7a da Para\u00edba no evento refor\u00e7a o compromisso da FECAM-PB com a capacita\u00e7\u00e3o dos parlamentares municipais e com a busca constante por avan\u00e7os institucionais que beneficiem diretamente a popula\u00e7\u00e3o.<\/p>\n<div class=\"videoWrapper\" data-source=\"INSTAGRAM\"><iframe class=\"note-video-clip lazyload\" data-src=\"https:\/\/instagram.com\/p\/DUGQmKUjhej\/embed\/\" width=\"612\" height=\"710\" frameborder=\"0\" scrolling=\"no\" data-gtm-yt-inspected-8=\"true\" data-mce-fragment=\"1\" src=\"data:image\/svg+xml;base64,PHN2ZyB3aWR0aD0iMSIgaGVpZ2h0PSIxIiB4bWxucz0iaHR0cDovL3d3dy53My5vcmcvMjAwMC9zdmciPjwvc3ZnPg==\" data-load-mode=\"1\"><\/iframe><\/div>\n<div data-source=\"INSTAGRAM\"><\/div>\n<div data-source=\"INSTAGRAM\">Brejo News<\/div>\n","protected":false},"excerpt":{"rendered":"<p>Opresidente da C\u00e2mara Municipal de Santa Luzia e da FECAM-PB, Felix J\u00fanior, recebeu das m\u00e3os do presidente da Uni\u00e3o dos Vereadores do Brasil (UVB) a&hellip; <\/p>\n","protected":false},"author":6,"featured_media":309579,"comment_status":"closed","ping_status":"closed","sticky":false,"template":"","format":"standard","meta":{"sfsi_plus_gutenberg_text_before_share":"","sfsi_plus_gutenberg_show_text_before_share":"","sfsi_plus_gutenberg_icon_type":"","sfsi_plus_gutenberg_icon_alignemt":"","sfsi_plus_gutenburg_max_per_row":"","footnotes":""},"categories":[50,2,104,11],"tags":[],"class_list":["post-309578","post","type-post","status-publish","format-standard","has-post-thumbnail","hentry","category-destaque","category-geral","category-paraiba","category-politica"],"_links":{"self":[{"href":"https:\/\/www.caririemacao.com\/1\/wp-json\/wp\/v2\/posts\/309578","targetHints":{"allow":["GET"]}}],"collection":[{"href":"https:\/\/www.caririemacao.com\/1\/wp-json\/wp\/v2\/posts"}],"about":[{"href":"https:\/\/www.caririemacao.com\/1\/wp-json\/wp\/v2\/types\/post"}],"author":[{"embeddable":true,"href":"https:\/\/www.caririemacao.com\/1\/wp-json\/wp\/v2\/users\/6"}],"replies":[{"embeddable":true,"href":"https:\/\/www.caririemacao.com\/1\/wp-json\/wp\/v2\/comments?post=309578"}],"version-history":[{"count":1,"href":"https:\/\/www.caririemacao.com\/1\/wp-json\/wp\/v2\/posts\/309578\/revisions"}],"predecessor-version":[{"id":309580,"href":"https:\/\/www.caririemacao.com\/1\/wp-json\/wp\/v2\/posts\/309578\/revisions\/309580"}],"wp:featuredmedia":[{"embeddable":true,"href":"https:\/\/www.caririemacao.com\/1\/wp-json\/wp\/v2\/media\/309579"}],"wp:attachment":[{"href":"https:\/\/www.caririemacao.com\/1\/wp-json\/wp\/v2\/media?parent=309578"}],"wp:term":[{"taxonomy":"category","embeddable":true,"href":"https:\/\/www.caririemacao.com\/1\/wp-json\/wp\/v2\/categories?post=309578"},{"taxonomy":"post_tag","embeddable":true,"href":"https:\/\/www.caririemacao.com\/1\/wp-json\/wp\/v2\/tags?post=309578"}],"curies":[{"name":"wp","href":"https:\/\/api.w.org\/{rel}","templated":true}]}}