{"id":309810,"date":"2026-02-06T16:28:53","date_gmt":"2026-02-06T19:28:53","guid":{"rendered":"https:\/\/www.caririemacao.com\/1\/?p=309810"},"modified":"2026-02-06T16:28:53","modified_gmt":"2026-02-06T19:28:53","slug":"padre-alessandro-campos-e-confirmado-na-abertura-do-crescer-2026-no-centro-de-convencoes-de-campina-grande","status":"publish","type":"post","link":"https:\/\/www.caririemacao.com\/1\/2026\/02\/06\/padre-alessandro-campos-e-confirmado-na-abertura-do-crescer-2026-no-centro-de-convencoes-de-campina-grande\/","title":{"rendered":"Padre Alessandro Campos \u00e9 confirmado na abertura do CRESCER 2026 no Centro de Conven\u00e7\u00f5es de Campina Grande"},"content":{"rendered":"<p data-start=\"114\" data-end=\"469\">O <span class=\"hover:entity-accent entity-underline inline cursor-pointer align-baseline\"><span class=\"whitespace-normal\">Padre Alessandro Campos<\/span><\/span> est\u00e1 confirmado como uma das principais presen\u00e7as na abertura do Encontro Nacional da Fam\u00edlia Cat\u00f3lica \u2014 CRESCER 2026 \u2014 que ser\u00e1 realizado no Centro de Conven\u00e7\u00f5es de <span class=\"hover:entity-accent entity-underline inline cursor-pointer align-baseline\"><span class=\"whitespace-normal\">Campina Grande<\/span><\/span>. A participa\u00e7\u00e3o acontece na sexta-feira, 13 de fevereiro, dentro da programa\u00e7\u00e3o especial de abertura do evento.<\/p>\n<p data-start=\"471\" data-end=\"722\">O sacerdote participar\u00e1 da grava\u00e7\u00e3o do DVD \u201cFam\u00edlias Cantando para Deus\u201d, do cantor <span class=\"hover:entity-accent entity-underline inline cursor-pointer align-baseline\"><span class=\"whitespace-normal\">William Sanfona<\/span><\/span>, momento que reunir\u00e1 tamb\u00e9m outros nomes da m\u00fasica cat\u00f3lica nacional em uma grande celebra\u00e7\u00e3o de f\u00e9 e louvor voltada \u00e0s fam\u00edlias.<\/p>\n<p data-start=\"724\" data-end=\"1117\">Conhecido nacionalmente como o \u201cpadre sertanejo\u201d, Alessandro Campos \u00e9 sacerdote, cantor e comunicador, reconhecido por unir a m\u00fasica sertaneja \u00e0 evangeliza\u00e7\u00e3o. Natural do interior de S\u00e3o Paulo, construiu seu minist\u00e9rio com linguagem simples, proximidade com o p\u00fablico e forte devo\u00e7\u00e3o mariana, alcan\u00e7ando milh\u00f5es de pessoas por meio de missas, shows, programas de televis\u00e3o e projetos musicais.<\/p>\n<p data-start=\"1119\" data-end=\"1377\" data-is-last-node=\"\" data-is-only-node=\"\">O CRESCER 2026 ser\u00e1 realizado de 13 a 17 de fevereiro, com o tema \u201cA minha fam\u00edlia \u00e9 uma ben\u00e7\u00e3o\u201d. As inscri\u00e7\u00f5es para participa\u00e7\u00e3o s\u00e3o gratuitas e est\u00e3o dispon\u00edveis no site oficial do encontro. O evento deve reunir caravanas e fi\u00e9is de v\u00e1rias regi\u00f5es do pa\u00eds.<\/p>\n","protected":false},"excerpt":{"rendered":"<p>O Padre Alessandro Campos est\u00e1 confirmado como uma das principais presen\u00e7as na abertura do Encontro Nacional da Fam\u00edlia Cat\u00f3lica \u2014 CRESCER 2026 \u2014 que ser\u00e1 realizado no Centro de Conven\u00e7\u00f5es de Campina Grande. A participa\u00e7\u00e3o acontece na sexta-feira, 13 de fevereiro, dentro da programa\u00e7\u00e3o especial de abertura do evento. O sacerdote participar\u00e1 da grava\u00e7\u00e3o do DVD \u201cFam\u00edlias Cantando para Deus\u201d, do cantor William Sanfona, momento que reunir\u00e1 tamb\u00e9m outros nomes da m\u00fasica cat\u00f3lica nacional em uma grande celebra\u00e7\u00e3o de f\u00e9 e louvor voltada \u00e0s fam\u00edlias. Conhecido nacionalmente como o \u201cpadre sertanejo\u201d, Alessandro Campos \u00e9 sacerdote, cantor e comunicador, reconhecido por unir a m\u00fasica sertaneja \u00e0 evangeliza\u00e7\u00e3o. Natural do interior de S\u00e3o Paulo, construiu seu minist\u00e9rio com linguagem simples, proximidade com o p\u00fablico e forte devo\u00e7\u00e3o mariana, alcan\u00e7ando milh\u00f5es de pessoas por meio de missas, shows, programas de televis\u00e3o e projetos musicais. O CRESCER 2026 ser\u00e1 realizado de 13 a 17 de fevereiro, com o tema \u201cA minha fam\u00edlia \u00e9 uma ben\u00e7\u00e3o\u201d. As inscri\u00e7\u00f5es para participa\u00e7\u00e3o s\u00e3o gratuitas e est\u00e3o dispon\u00edveis no site oficial do encontro. O evento deve reunir caravanas e fi\u00e9is de v\u00e1rias regi\u00f5es do pa\u00eds.<\/p>\n","protected":false},"author":6,"featured_media":309811,"comment_status":"closed","ping_status":"closed","sticky":false,"template":"","format":"standard","meta":{"sfsi_plus_gutenberg_text_before_share":"","sfsi_plus_gutenberg_show_text_before_share":"","sfsi_plus_gutenberg_icon_type":"","sfsi_plus_gutenberg_icon_alignemt":"","sfsi_plus_gutenburg_max_per_row":"","footnotes":""},"categories":[72,50,64,2],"tags":[],"class_list":["post-309810","post","type-post","status-publish","format-standard","has-post-thumbnail","hentry","category-campina-grande","category-destaque","category-eventos","category-geral"],"_links":{"self":[{"href":"https:\/\/www.caririemacao.com\/1\/wp-json\/wp\/v2\/posts\/309810","targetHints":{"allow":["GET"]}}],"collection":[{"href":"https:\/\/www.caririemacao.com\/1\/wp-json\/wp\/v2\/posts"}],"about":[{"href":"https:\/\/www.caririemacao.com\/1\/wp-json\/wp\/v2\/types\/post"}],"author":[{"embeddable":true,"href":"https:\/\/www.caririemacao.com\/1\/wp-json\/wp\/v2\/users\/6"}],"replies":[{"embeddable":true,"href":"https:\/\/www.caririemacao.com\/1\/wp-json\/wp\/v2\/comments?post=309810"}],"version-history":[{"count":1,"href":"https:\/\/www.caririemacao.com\/1\/wp-json\/wp\/v2\/posts\/309810\/revisions"}],"predecessor-version":[{"id":309812,"href":"https:\/\/www.caririemacao.com\/1\/wp-json\/wp\/v2\/posts\/309810\/revisions\/309812"}],"wp:featuredmedia":[{"embeddable":true,"href":"https:\/\/www.caririemacao.com\/1\/wp-json\/wp\/v2\/media\/309811"}],"wp:attachment":[{"href":"https:\/\/www.caririemacao.com\/1\/wp-json\/wp\/v2\/media?parent=309810"}],"wp:term":[{"taxonomy":"category","embeddable":true,"href":"https:\/\/www.caririemacao.com\/1\/wp-json\/wp\/v2\/categories?post=309810"},{"taxonomy":"post_tag","embeddable":true,"href":"https:\/\/www.caririemacao.com\/1\/wp-json\/wp\/v2\/tags?post=309810"}],"curies":[{"name":"wp","href":"https:\/\/api.w.org\/{rel}","templated":true}]}}