{"id":309906,"date":"2026-02-09T10:08:16","date_gmt":"2026-02-09T13:08:16","guid":{"rendered":"https:\/\/www.caririemacao.com\/1\/?p=309906"},"modified":"2026-02-09T10:08:16","modified_gmt":"2026-02-09T13:08:16","slug":"barra-folia-2026-promete-quatro-dias-de-muita-animacao-em-barra-de-sao-miguel","status":"publish","type":"post","link":"https:\/\/www.caririemacao.com\/1\/2026\/02\/09\/barra-folia-2026-promete-quatro-dias-de-muita-animacao-em-barra-de-sao-miguel\/","title":{"rendered":"Barra Folia 2026 promete quatro dias de muita anima\u00e7\u00e3o em Barra de S\u00e3o Miguel"},"content":{"rendered":"<p dir=\"ltr\">A Prefeitura Municipal de Barra de S\u00e3o Miguel realizar\u00e1, de 14 a 17 de fevereiro, o Barra Folia 2026, carnaval cultural que celebra a tradi\u00e7\u00e3o e a identidade do povo. Ao longo de quatro dias, a programa\u00e7\u00e3o levar\u00e1 m\u00fasica, cultura popular e anima\u00e7\u00e3o para moradores e visitantes, tanto na sede do munic\u00edpio quanto no distrito de Riacho Fundo.<\/p>\n<p dir=\"ltr\">Barra de S\u00e3o Miguel \u00e9 reconhecida como um verdadeiro centro cultural e, h\u00e1 muitos anos, realiza eventos carnavalescos que fazem parte da sua hist\u00f3ria. O munic\u00edpio consolidou-se como um espa\u00e7o tradicional para se viver o carnaval de forma aut\u00eantica, onde a alegria toma conta das ruas e a festa acontece de forma genu\u00edna, mantendo viva a ess\u00eancia do verdadeiro carnaval popular.<\/p>\n<p dir=\"ltr\">A programa\u00e7\u00e3o tem in\u00edcio no s\u00e1bado, 14 de fevereiro, com o tradicional Bloco da Saudade, que se concentra no Servi\u00e7o de Conviv\u00eancia, a partir das 18h. A noite contar\u00e1 com apresenta\u00e7\u00f5es da Orquestra Cariri, Orquestra Anda Luz e do cantor Rafa Bacana, al\u00e9m do desfile do boneco gigante Zez\u00e9 da Bomba. No distrito de Riacho Fundo, a folia come\u00e7a com banho de chuveir\u00e3o durante todo o dia, garantindo divers\u00e3o para toda a comunidade.<\/p>\n<p dir=\"ltr\">No domingo, 15 de fevereiro, a anima\u00e7\u00e3o segue com o Bloco Potyra, com concentra\u00e7\u00e3o \u00e0s 12h, na R\u00e1dio Potyra, e sa\u00edda \u00e0s 13h30. A programa\u00e7\u00e3o inclui Orquestra Cariri, Pagode com Messias Melo e Saulo Alves \u2013 Modo Carnaval, al\u00e9m do desfile do boneco gigante \u00cdndia Potyra. Em Riacho Fundo, a programa\u00e7\u00e3o continua \u00e0s 17h, com show de Flavinho General.<\/p>\n<p dir=\"ltr\">A festa segue na segunda-feira, 16 de fevereiro, com dois blocos tradicionais: o Bloco de Luai, com concentra\u00e7\u00e3o na Casa de Luai, e o Bloco Tudo Junto e Misturado, na Pra\u00e7a do Alto. Os blocos se encontram durante o percurso, fortalecendo a integra\u00e7\u00e3o entre os foli\u00f5es. As atra\u00e7\u00f5es do dia s\u00e3o a Orquestra Cariri e o Pared\u00e3o Diniz, al\u00e9m do desfile do boneco gigante L\u00facio. No distrito de Riacho Fundo, a partir das 16h, a anima\u00e7\u00e3o fica por conta da Orquestra Cariri e do cantor Barbosinha.<\/p>\n<p dir=\"ltr\">Encerrando a programa\u00e7\u00e3o, na ter\u00e7a-feira, 17 de fevereiro, acontece o Bloco Fronha Folia, com concentra\u00e7\u00e3o \u00e0s 12h, no Fura Fronha, e sa\u00edda \u00e0s 13h30. O \u00faltimo dia contar\u00e1 com apresenta\u00e7\u00f5es da Orquestra Cariri, Gitana Pimentel e Barbosinha, al\u00e9m do desfile dos bonecos gigantes Zez\u00e9 da Bomba, L\u00facio e Potyra. Em Riacho Fundo, o encerramento ser\u00e1 \u00e0s 17h, com show de Jean Ara\u00fajo.<\/p>\n<p dir=\"ltr\">O Carnaval Cultural de Barra de S\u00e3o Miguel valoriza a cultura popular, fortalece as tradi\u00e7\u00f5es carnavalescas e movimenta a economia local, impulsionando o turismo e o com\u00e9rcio. Uma festa organizada, com seguran\u00e7a e ambiente familiar, pensada para que todos possam viver a alegria do carnaval e celebrar a cultura do munic\u00edpio.<\/p>\n<p dir=\"ltr\"><em><strong>Confira a programa\u00e7\u00e3o completa:<\/strong><\/em><\/p>\n<p>&#x1f534; S\u00e1bado (14\/02)<\/p>\n<p dir=\"ltr\">&#x1f555; 18h \u2013 Orquestra Cariri<br \/>\n&#x1f557; 20h \u2013 Orquestra And\u00e1 Luz<br \/>\n&#x1f559; 22h \u2013 Rafa Bacana<\/p>\n<p>&#x1f7e0; Domingo (15\/02)<\/p>\n<p dir=\"ltr\">&#x1f55b; 12h \u2013 Orquestra Cariri<br \/>\n&#x1f553; 16h \u2013 Pagode com Messias Melo<br \/>\n&#x1f555; 18h \u2013 Saulo Alves<\/p>\n<p>&#x1f535; Segunda-feira (16\/02)<\/p>\n<p dir=\"ltr\">&#x1f55b; 12h \u2013 Orquestra Cariri<br \/>\n&#x1f552; 15h \u2013 Pared\u00e3o Diniz<\/p>\n<p>&#x1f7e3; Ter\u00e7a-feira (17\/02)<\/p>\n<p dir=\"ltr\">&#x1f55b; 12h \u2013 Orquestra Cariri<br \/>\n&#x1f553; 16h \u2013 Gitana Pimentel<br \/>\n&#x1f555; 18h \u2013 Barbosinha<\/p>\n","protected":false},"excerpt":{"rendered":"<p>A Prefeitura Municipal de Barra de S\u00e3o Miguel realizar\u00e1, de 14 a 17 de fevereiro, o Barra Folia 2026, carnaval cultural que celebra a tradi\u00e7\u00e3o e a identidade do povo. Ao longo de quatro dias, a programa\u00e7\u00e3o levar\u00e1 m\u00fasica, cultura popular e anima\u00e7\u00e3o para moradores e visitantes, tanto na sede do munic\u00edpio quanto no distrito de Riacho Fundo. Barra de S\u00e3o Miguel \u00e9 reconhecida como um verdadeiro centro cultural e, h\u00e1 muitos anos, realiza eventos carnavalescos que fazem parte da sua hist\u00f3ria. O munic\u00edpio consolidou-se como um espa\u00e7o tradicional para se viver o carnaval de forma aut\u00eantica, onde a alegria toma conta das ruas e a festa acontece de forma genu\u00edna, mantendo viva a ess\u00eancia do verdadeiro carnaval popular. A programa\u00e7\u00e3o tem in\u00edcio no s\u00e1bado, 14 de fevereiro, com o tradicional Bloco da Saudade, que se concentra no Servi\u00e7o de Conviv\u00eancia, a partir das 18h. A noite contar\u00e1 com apresenta\u00e7\u00f5es da Orquestra Cariri, Orquestra Anda Luz e do cantor Rafa Bacana, al\u00e9m do desfile do boneco gigante Zez\u00e9 da Bomba. No distrito de Riacho Fundo, a folia come\u00e7a com banho de chuveir\u00e3o durante todo o dia, garantindo divers\u00e3o para toda a comunidade. No domingo, 15 de fevereiro, a anima\u00e7\u00e3o segue com o Bloco Potyra, com concentra\u00e7\u00e3o \u00e0s 12h, na R\u00e1dio Potyra, e sa\u00edda \u00e0s 13h30. A programa\u00e7\u00e3o inclui Orquestra Cariri, Pagode com Messias Melo e Saulo Alves \u2013 Modo Carnaval, al\u00e9m do desfile do boneco gigante \u00cdndia Potyra. Em Riacho Fundo, a programa\u00e7\u00e3o continua \u00e0s 17h, com show de Flavinho General. A festa segue na segunda-feira, 16 de fevereiro, com dois blocos tradicionais: o Bloco de Luai, com concentra\u00e7\u00e3o na Casa de Luai, e o Bloco Tudo Junto e Misturado, na Pra\u00e7a do Alto. Os blocos se encontram durante o percurso, fortalecendo a integra\u00e7\u00e3o entre os foli\u00f5es. As atra\u00e7\u00f5es do dia s\u00e3o a Orquestra Cariri e o Pared\u00e3o Diniz, al\u00e9m do desfile do boneco gigante L\u00facio. No distrito de Riacho Fundo, a partir das 16h, a anima\u00e7\u00e3o fica por conta da Orquestra Cariri e do cantor Barbosinha. Encerrando a programa\u00e7\u00e3o, na ter\u00e7a-feira, 17 de fevereiro, acontece o Bloco Fronha Folia, com concentra\u00e7\u00e3o \u00e0s 12h, no Fura Fronha, e sa\u00edda \u00e0s 13h30. O \u00faltimo dia contar\u00e1 com apresenta\u00e7\u00f5es da Orquestra Cariri, Gitana Pimentel e Barbosinha, al\u00e9m do desfile dos bonecos gigantes Zez\u00e9 da Bomba, L\u00facio e Potyra. Em Riacho Fundo, o encerramento ser\u00e1 \u00e0s 17h, com show de Jean Ara\u00fajo. O Carnaval Cultural de Barra de S\u00e3o Miguel valoriza a cultura popular, fortalece as tradi\u00e7\u00f5es carnavalescas e movimenta a economia local, impulsionando o turismo e o com\u00e9rcio. Uma festa organizada, com seguran\u00e7a e ambiente familiar, pensada para que todos possam viver a alegria do carnaval e celebrar a cultura do munic\u00edpio. Confira a programa\u00e7\u00e3o completa: &#x1f534; S\u00e1bado (14\/02) &#x1f555; 18h \u2013 Orquestra Cariri &#x1f557; 20h \u2013 Orquestra And\u00e1 Luz &#x1f559; 22h \u2013 Rafa Bacana &#x1f7e0; Domingo (15\/02) &#x1f55b; 12h \u2013 Orquestra Cariri &#x1f553; 16h \u2013 Pagode com Messias Melo &#x1f555; 18h \u2013 Saulo Alves &#x1f535; Segunda-feira (16\/02) &#x1f55b; 12h \u2013 Orquestra Cariri &#x1f552; 15h \u2013 Pared\u00e3o Diniz &#x1f7e3; Ter\u00e7a-feira (17\/02) &#x1f55b; 12h \u2013 Orquestra Cariri &#x1f553; 16h \u2013 Gitana Pimentel &#x1f555; 18h \u2013 Barbosinha<\/p>\n","protected":false},"author":6,"featured_media":309907,"comment_status":"closed","ping_status":"closed","sticky":false,"template":"","format":"standard","meta":{"sfsi_plus_gutenberg_text_before_share":"","sfsi_plus_gutenberg_show_text_before_share":"","sfsi_plus_gutenberg_icon_type":"","sfsi_plus_gutenberg_icon_alignemt":"","sfsi_plus_gutenburg_max_per_row":"","footnotes":""},"categories":[144,50,2],"tags":[],"class_list":["post-309906","post","type-post","status-publish","format-standard","has-post-thumbnail","hentry","category-barra-de-sao-miguel","category-destaque","category-geral"],"_links":{"self":[{"href":"https:\/\/www.caririemacao.com\/1\/wp-json\/wp\/v2\/posts\/309906","targetHints":{"allow":["GET"]}}],"collection":[{"href":"https:\/\/www.caririemacao.com\/1\/wp-json\/wp\/v2\/posts"}],"about":[{"href":"https:\/\/www.caririemacao.com\/1\/wp-json\/wp\/v2\/types\/post"}],"author":[{"embeddable":true,"href":"https:\/\/www.caririemacao.com\/1\/wp-json\/wp\/v2\/users\/6"}],"replies":[{"embeddable":true,"href":"https:\/\/www.caririemacao.com\/1\/wp-json\/wp\/v2\/comments?post=309906"}],"version-history":[{"count":1,"href":"https:\/\/www.caririemacao.com\/1\/wp-json\/wp\/v2\/posts\/309906\/revisions"}],"predecessor-version":[{"id":309908,"href":"https:\/\/www.caririemacao.com\/1\/wp-json\/wp\/v2\/posts\/309906\/revisions\/309908"}],"wp:featuredmedia":[{"embeddable":true,"href":"https:\/\/www.caririemacao.com\/1\/wp-json\/wp\/v2\/media\/309907"}],"wp:attachment":[{"href":"https:\/\/www.caririemacao.com\/1\/wp-json\/wp\/v2\/media?parent=309906"}],"wp:term":[{"taxonomy":"category","embeddable":true,"href":"https:\/\/www.caririemacao.com\/1\/wp-json\/wp\/v2\/categories?post=309906"},{"taxonomy":"post_tag","embeddable":true,"href":"https:\/\/www.caririemacao.com\/1\/wp-json\/wp\/v2\/tags?post=309906"}],"curies":[{"name":"wp","href":"https:\/\/api.w.org\/{rel}","templated":true}]}}