{"id":309927,"date":"2026-02-09T16:52:36","date_gmt":"2026-02-09T19:52:36","guid":{"rendered":"https:\/\/www.caririemacao.com\/1\/?p=309927"},"modified":"2026-02-09T16:52:36","modified_gmt":"2026-02-09T19:52:36","slug":"apos-atritos-pedro-cunha-lima-admite-dialogo-com-jhony-bezerra-na-oposicao","status":"publish","type":"post","link":"https:\/\/www.caririemacao.com\/1\/2026\/02\/09\/apos-atritos-pedro-cunha-lima-admite-dialogo-com-jhony-bezerra-na-oposicao\/","title":{"rendered":"Ap\u00f3s atritos, Pedro Cunha Lima admite di\u00e1logo com Jhony Bezerra na oposi\u00e7\u00e3o"},"content":{"rendered":"<p>O ex-deputado federal Pedro Cunha Lima (PSD) afirmou que a oposi\u00e7\u00e3o na Para\u00edba est\u00e1 aberta para receber o m\u00e9dico Jhony Bezerra, que avalia romper com o governo estadual e declarar apoio \u00e0 pr\u00e9-candidatura de C\u00edcero Lucena (MDB) ao governo do Estado.<\/p>\n<p>Em entrevista concedida \u00e0 TV Norte, nesta segunda-feira (9), Pedro destacou que n\u00e3o h\u00e1 impedimentos dentro do campo oposicionista para uma eventual aproxima\u00e7\u00e3o.<\/p>\n<p>\u201cN\u00e3o h\u00e1 veto. Eu n\u00e3o sou candidato, muito longe disso. Candidatura se faz somando\u201d, declarou.<\/p>\n<p>Pedro Cunha Lima e Jhony Bezerra protagonizaram embates p\u00fablicos durante o per\u00edodo eleitoral de 2024, em Campina Grande. Na ocasi\u00e3o, Pedro chegou a publicar um poema nas redes sociais com cr\u00edticas diretas ao m\u00e9dico, o que motivou uma rea\u00e7\u00e3o judicial por parte de Jhony Bezerra, que ingressou com uma a\u00e7\u00e3o contra o ex-deputado.<\/p>\n<p>Durante a campanha, Jhony tamb\u00e9m fez cr\u00edticas p\u00fablicas \u00e0 fam\u00edlia Cunha Lima. No pleito municipal, ele acabou sendo derrotado pelo ent\u00e3o prefeito reeleito Bruno Cunha Lima (Uni\u00e3o Brasil).<\/p>\n<p>O cen\u00e1rio refor\u00e7a as movimenta\u00e7\u00f5es e articula\u00e7\u00f5es pol\u00edticas visando a sucess\u00e3o estadual na Para\u00edba, com poss\u00edveis realinhamentos tanto na base governista quanto na oposi\u00e7\u00e3o.<\/p>\n<p>Com Blog do Maur\u00edlio Junior<\/p>\n","protected":false},"excerpt":{"rendered":"<p>O ex-deputado federal Pedro Cunha Lima (PSD) afirmou que a oposi\u00e7\u00e3o na Para\u00edba est\u00e1 aberta para receber o m\u00e9dico Jhony Bezerra, que avalia romper com o governo estadual e declarar apoio \u00e0 pr\u00e9-candidatura de C\u00edcero Lucena (MDB) ao governo do Estado. Em entrevista concedida \u00e0 TV Norte, nesta segunda-feira (9), Pedro destacou que n\u00e3o h\u00e1 impedimentos dentro do campo oposicionista para uma eventual aproxima\u00e7\u00e3o. \u201cN\u00e3o h\u00e1 veto. Eu n\u00e3o sou candidato, muito longe disso. Candidatura se faz somando\u201d, declarou. Pedro Cunha Lima e Jhony Bezerra protagonizaram embates p\u00fablicos durante o per\u00edodo eleitoral de 2024, em Campina Grande. Na ocasi\u00e3o, Pedro chegou a publicar um poema nas redes sociais com cr\u00edticas diretas ao m\u00e9dico, o que motivou uma rea\u00e7\u00e3o judicial por parte de Jhony Bezerra, que ingressou com uma a\u00e7\u00e3o contra o ex-deputado. Durante a campanha, Jhony tamb\u00e9m fez cr\u00edticas p\u00fablicas \u00e0 fam\u00edlia Cunha Lima. No pleito municipal, ele acabou sendo derrotado pelo ent\u00e3o prefeito reeleito Bruno Cunha Lima (Uni\u00e3o Brasil). O cen\u00e1rio refor\u00e7a as movimenta\u00e7\u00f5es e articula\u00e7\u00f5es pol\u00edticas visando a sucess\u00e3o estadual na Para\u00edba, com poss\u00edveis realinhamentos tanto na base governista quanto na oposi\u00e7\u00e3o. Com Blog do Maur\u00edlio Junior<\/p>\n","protected":false},"author":6,"featured_media":309928,"comment_status":"closed","ping_status":"closed","sticky":false,"template":"","format":"standard","meta":{"sfsi_plus_gutenberg_text_before_share":"","sfsi_plus_gutenberg_show_text_before_share":"","sfsi_plus_gutenberg_icon_type":"","sfsi_plus_gutenberg_icon_alignemt":"","sfsi_plus_gutenburg_max_per_row":"","footnotes":""},"categories":[50,2,104,11],"tags":[],"class_list":["post-309927","post","type-post","status-publish","format-standard","has-post-thumbnail","hentry","category-destaque","category-geral","category-paraiba","category-politica"],"_links":{"self":[{"href":"https:\/\/www.caririemacao.com\/1\/wp-json\/wp\/v2\/posts\/309927","targetHints":{"allow":["GET"]}}],"collection":[{"href":"https:\/\/www.caririemacao.com\/1\/wp-json\/wp\/v2\/posts"}],"about":[{"href":"https:\/\/www.caririemacao.com\/1\/wp-json\/wp\/v2\/types\/post"}],"author":[{"embeddable":true,"href":"https:\/\/www.caririemacao.com\/1\/wp-json\/wp\/v2\/users\/6"}],"replies":[{"embeddable":true,"href":"https:\/\/www.caririemacao.com\/1\/wp-json\/wp\/v2\/comments?post=309927"}],"version-history":[{"count":1,"href":"https:\/\/www.caririemacao.com\/1\/wp-json\/wp\/v2\/posts\/309927\/revisions"}],"predecessor-version":[{"id":309929,"href":"https:\/\/www.caririemacao.com\/1\/wp-json\/wp\/v2\/posts\/309927\/revisions\/309929"}],"wp:featuredmedia":[{"embeddable":true,"href":"https:\/\/www.caririemacao.com\/1\/wp-json\/wp\/v2\/media\/309928"}],"wp:attachment":[{"href":"https:\/\/www.caririemacao.com\/1\/wp-json\/wp\/v2\/media?parent=309927"}],"wp:term":[{"taxonomy":"category","embeddable":true,"href":"https:\/\/www.caririemacao.com\/1\/wp-json\/wp\/v2\/categories?post=309927"},{"taxonomy":"post_tag","embeddable":true,"href":"https:\/\/www.caririemacao.com\/1\/wp-json\/wp\/v2\/tags?post=309927"}],"curies":[{"name":"wp","href":"https:\/\/api.w.org\/{rel}","templated":true}]}}