{"id":309947,"date":"2026-02-10T10:05:55","date_gmt":"2026-02-10T13:05:55","guid":{"rendered":"https:\/\/www.caririemacao.com\/1\/?p=309947"},"modified":"2026-02-10T10:05:55","modified_gmt":"2026-02-10T13:05:55","slug":"parari-conquista-selo-prata-da-alfabetizacao-e-destaca-avanco-na-educacao-municipal","status":"publish","type":"post","link":"https:\/\/www.caririemacao.com\/1\/2026\/02\/10\/parari-conquista-selo-prata-da-alfabetizacao-e-destaca-avanco-na-educacao-municipal\/","title":{"rendered":"Parari conquista Selo Prata da Alfabetiza\u00e7\u00e3o e destaca avan\u00e7o na educa\u00e7\u00e3o municipal"},"content":{"rendered":"<p data-start=\"116\" data-end=\"467\">O munic\u00edpio de Parari celebrou a conquista do Selo Prata da Alfabetiza\u00e7\u00e3o, reconhecimento concedido a redes de ensino que apresentam resultados e boas pr\u00e1ticas no fortalecimento da aprendizagem das crian\u00e7as. A certifica\u00e7\u00e3o evidencia o desempenho da rede municipal e o compromisso com pol\u00edticas e estrat\u00e9gias voltadas \u00e0 alfabetiza\u00e7\u00e3o na idade adequada.<\/p>\n<p data-start=\"469\" data-end=\"693\">A conquista \u00e9 atribu\u00edda ao trabalho conjunto da Secretaria de Educa\u00e7\u00e3o, gestores escolares, professores e articuladores pedag\u00f3gicos, que v\u00eam desenvolvendo a\u00e7\u00f5es cont\u00ednuas de acompanhamento, planejamento e melhoria do ensino.<\/p>\n<p data-start=\"695\" data-end=\"822\">O prefeito <span class=\"hover:entity-accent entity-underline inline cursor-pointer align-baseline\"><span class=\"whitespace-normal\">Genival Queiroz<\/span><\/span> destacou o esfor\u00e7o coletivo e parabenizou toda a equipe envolvida no processo.<\/p>\n<p data-start=\"824\" data-end=\"1289\">\u201cEssa importante conquista \u00e9 resultado do trabalho coletivo, da dedica\u00e7\u00e3o e do compromisso de todos os profissionais da educa\u00e7\u00e3o. Nossa gratid\u00e3o a Deus por todas as b\u00ean\u00e7\u00e3os. Parabenizo o articulador, os professores pelo excelente trabalho realizado e todos que contribu\u00edram para esse processo. Investir em educa\u00e7\u00e3o \u00e9 cuidar do presente e construir um futuro promissor para nossos alunos. Seguimos avan\u00e7ando, juntos, por uma educa\u00e7\u00e3o de qualidade\u201d, afirmou o gestor.<\/p>\n<p data-start=\"824\" data-end=\"1289\">\n<p data-start=\"824\" data-end=\"1289\"><strong>CARIRI EM A\u00c7\u00c3O<\/strong><\/p>\n","protected":false},"excerpt":{"rendered":"<p>O munic\u00edpio de Parari celebrou a conquista do Selo Prata da Alfabetiza\u00e7\u00e3o, reconhecimento concedido a redes de ensino que apresentam resultados e boas pr\u00e1ticas no&hellip; <\/p>\n","protected":false},"author":6,"featured_media":309948,"comment_status":"closed","ping_status":"closed","sticky":false,"template":"","format":"standard","meta":{"sfsi_plus_gutenberg_text_before_share":"","sfsi_plus_gutenberg_show_text_before_share":"","sfsi_plus_gutenberg_icon_type":"","sfsi_plus_gutenberg_icon_alignemt":"","sfsi_plus_gutenburg_max_per_row":"","footnotes":""},"categories":[50,2,83],"tags":[],"class_list":["post-309947","post","type-post","status-publish","format-standard","has-post-thumbnail","hentry","category-destaque","category-geral","category-parari"],"_links":{"self":[{"href":"https:\/\/www.caririemacao.com\/1\/wp-json\/wp\/v2\/posts\/309947","targetHints":{"allow":["GET"]}}],"collection":[{"href":"https:\/\/www.caririemacao.com\/1\/wp-json\/wp\/v2\/posts"}],"about":[{"href":"https:\/\/www.caririemacao.com\/1\/wp-json\/wp\/v2\/types\/post"}],"author":[{"embeddable":true,"href":"https:\/\/www.caririemacao.com\/1\/wp-json\/wp\/v2\/users\/6"}],"replies":[{"embeddable":true,"href":"https:\/\/www.caririemacao.com\/1\/wp-json\/wp\/v2\/comments?post=309947"}],"version-history":[{"count":1,"href":"https:\/\/www.caririemacao.com\/1\/wp-json\/wp\/v2\/posts\/309947\/revisions"}],"predecessor-version":[{"id":309949,"href":"https:\/\/www.caririemacao.com\/1\/wp-json\/wp\/v2\/posts\/309947\/revisions\/309949"}],"wp:featuredmedia":[{"embeddable":true,"href":"https:\/\/www.caririemacao.com\/1\/wp-json\/wp\/v2\/media\/309948"}],"wp:attachment":[{"href":"https:\/\/www.caririemacao.com\/1\/wp-json\/wp\/v2\/media?parent=309947"}],"wp:term":[{"taxonomy":"category","embeddable":true,"href":"https:\/\/www.caririemacao.com\/1\/wp-json\/wp\/v2\/categories?post=309947"},{"taxonomy":"post_tag","embeddable":true,"href":"https:\/\/www.caririemacao.com\/1\/wp-json\/wp\/v2\/tags?post=309947"}],"curies":[{"name":"wp","href":"https:\/\/api.w.org\/{rel}","templated":true}]}}