{"id":309981,"date":"2026-02-11T09:17:41","date_gmt":"2026-02-11T12:17:41","guid":{"rendered":"https:\/\/www.caririemacao.com\/1\/?p=309981"},"modified":"2026-02-11T09:17:41","modified_gmt":"2026-02-11T12:17:41","slug":"relator-vota-por-substituicao-de-prisao-de-hytalo-santos-por-medidas-cautelares-mas-julgamento-e-suspenso","status":"publish","type":"post","link":"https:\/\/www.caririemacao.com\/1\/2026\/02\/11\/relator-vota-por-substituicao-de-prisao-de-hytalo-santos-por-medidas-cautelares-mas-julgamento-e-suspenso\/","title":{"rendered":"Relator vota por substitui\u00e7\u00e3o de pris\u00e3o de Hytalo Santos por medidas cautelares, mas julgamento \u00e9 suspenso"},"content":{"rendered":"<p class=\"ql-align-justify\">O julgamento do habeas corpus pedido pela defesa do influenciador Hytalo Santos e do marido, Israel Vicente, foi suspenso ontem ter\u00e7a-feira (10) ap\u00f3s um pedido de vista no processo feito pelo desembargador Ricardo Vital de Almeida.<\/p>\n<p class=\"ql-align-justify\">Antes da suspens\u00e3o, o relator do processo, o desembargador Jo\u00e3o Benedito, havia votado a favor da convers\u00e3o da pris\u00e3o preventiva por medidas cautelares.<\/p>\n<p class=\"ql-align-justify\">\u201cA pris\u00e3o preventiva n\u00e3o pode servir como antecipa\u00e7\u00e3o de pena baseado apenas na gravidade abstrata ou no clamor social, se existem mecanismos tecnol\u00f3gicos e jur\u00eddicos capazes de impedir a reitera\u00e7\u00e3o delitiva\u201d, disse o desembargador ao proferir o voto.<\/p>\n<p class=\"ql-align-justify\">Jo\u00e3o Benedito tamb\u00e9m afirmou que uma das alega\u00e7\u00f5es apresentadas para a pris\u00e3o preventiva de Hytalo e Israel foi a possibilidade de fuga dos dois \u2013 ele disse ent\u00e3o que, no atual est\u00e1gio, entende que o risco de fuga \u00e9 baixo e recomendou medidas cautelares como o recolhimento dos passaportes do casal e o monitoramento por tornozeleira eletr\u00f4nica, al\u00e9m de proibi\u00e7\u00e3o de contato com as supostas v\u00edtimas e produ\u00e7\u00e3o de conte\u00fados digitais.<\/p>\n<p class=\"ql-align-justify\">Hytalo e Israel foram presos em agosto do ano passado, em Carapicu\u00edba (SP). Eles s\u00e3o acusados pelos crimes de tr\u00e1fico humano e explora\u00e7\u00e3o sexual infantojuvenil. Dias depois, eles foram transferidos para a Para\u00edba e, desde ent\u00e3o, est\u00e3o detidos no pres\u00eddio do R\u00f3ger, em Jo\u00e3o Pessoa.<\/p>\n<p class=\"ql-align-justify\">Fonte: Portal Correio<\/p>\n<p>&nbsp;<\/p>\n","protected":false},"excerpt":{"rendered":"<p>O julgamento do habeas corpus pedido pela defesa do influenciador Hytalo Santos e do marido, Israel Vicente, foi suspenso ontem ter\u00e7a-feira (10) ap\u00f3s um pedido de vista no processo feito pelo desembargador Ricardo Vital de Almeida. Antes da suspens\u00e3o, o relator do processo, o desembargador Jo\u00e3o Benedito, havia votado a favor da convers\u00e3o da pris\u00e3o preventiva por medidas cautelares. \u201cA pris\u00e3o preventiva n\u00e3o pode servir como antecipa\u00e7\u00e3o de pena baseado apenas na gravidade abstrata ou no clamor social, se existem mecanismos tecnol\u00f3gicos e jur\u00eddicos capazes de impedir a reitera\u00e7\u00e3o delitiva\u201d, disse o desembargador ao proferir o voto. Jo\u00e3o Benedito tamb\u00e9m afirmou que uma das alega\u00e7\u00f5es apresentadas para a pris\u00e3o preventiva de Hytalo e Israel foi a possibilidade de fuga dos dois \u2013 ele disse ent\u00e3o que, no atual est\u00e1gio, entende que o risco de fuga \u00e9 baixo e recomendou medidas cautelares como o recolhimento dos passaportes do casal e o monitoramento por tornozeleira eletr\u00f4nica, al\u00e9m de proibi\u00e7\u00e3o de contato com as supostas v\u00edtimas e produ\u00e7\u00e3o de conte\u00fados digitais. Hytalo e Israel foram presos em agosto do ano passado, em Carapicu\u00edba (SP). Eles s\u00e3o acusados pelos crimes de tr\u00e1fico humano e explora\u00e7\u00e3o sexual infantojuvenil. Dias depois, eles foram transferidos para a Para\u00edba e, desde ent\u00e3o, est\u00e3o detidos no pres\u00eddio do R\u00f3ger, em Jo\u00e3o Pessoa. Fonte: Portal Correio &nbsp;<\/p>\n","protected":false},"author":6,"featured_media":309982,"comment_status":"closed","ping_status":"closed","sticky":false,"template":"","format":"standard","meta":{"sfsi_plus_gutenberg_text_before_share":"","sfsi_plus_gutenberg_show_text_before_share":"","sfsi_plus_gutenberg_icon_type":"","sfsi_plus_gutenberg_icon_alignemt":"","sfsi_plus_gutenburg_max_per_row":"","footnotes":""},"categories":[50,12],"tags":[],"class_list":["post-309981","post","type-post","status-publish","format-standard","has-post-thumbnail","hentry","category-destaque","category-policia"],"_links":{"self":[{"href":"https:\/\/www.caririemacao.com\/1\/wp-json\/wp\/v2\/posts\/309981","targetHints":{"allow":["GET"]}}],"collection":[{"href":"https:\/\/www.caririemacao.com\/1\/wp-json\/wp\/v2\/posts"}],"about":[{"href":"https:\/\/www.caririemacao.com\/1\/wp-json\/wp\/v2\/types\/post"}],"author":[{"embeddable":true,"href":"https:\/\/www.caririemacao.com\/1\/wp-json\/wp\/v2\/users\/6"}],"replies":[{"embeddable":true,"href":"https:\/\/www.caririemacao.com\/1\/wp-json\/wp\/v2\/comments?post=309981"}],"version-history":[{"count":2,"href":"https:\/\/www.caririemacao.com\/1\/wp-json\/wp\/v2\/posts\/309981\/revisions"}],"predecessor-version":[{"id":309984,"href":"https:\/\/www.caririemacao.com\/1\/wp-json\/wp\/v2\/posts\/309981\/revisions\/309984"}],"wp:featuredmedia":[{"embeddable":true,"href":"https:\/\/www.caririemacao.com\/1\/wp-json\/wp\/v2\/media\/309982"}],"wp:attachment":[{"href":"https:\/\/www.caririemacao.com\/1\/wp-json\/wp\/v2\/media?parent=309981"}],"wp:term":[{"taxonomy":"category","embeddable":true,"href":"https:\/\/www.caririemacao.com\/1\/wp-json\/wp\/v2\/categories?post=309981"},{"taxonomy":"post_tag","embeddable":true,"href":"https:\/\/www.caririemacao.com\/1\/wp-json\/wp\/v2\/tags?post=309981"}],"curies":[{"name":"wp","href":"https:\/\/api.w.org\/{rel}","templated":true}]}}