{"id":310728,"date":"2026-03-05T08:36:15","date_gmt":"2026-03-05T11:36:15","guid":{"rendered":"https:\/\/www.caririemacao.com\/1\/?p=310728"},"modified":"2026-03-05T08:36:15","modified_gmt":"2026-03-05T11:36:15","slug":"pf-diz-que-sicario-aliado-de-vorcaro-tentou-suicidio-na-prisao","status":"publish","type":"post","link":"https:\/\/www.caririemacao.com\/1\/2026\/03\/05\/pf-diz-que-sicario-aliado-de-vorcaro-tentou-suicidio-na-prisao\/","title":{"rendered":"PF diz que \u2018Sic\u00e1rio\u2019, aliado de Vorcaro, tentou suic\u00eddio na pris\u00e3o"},"content":{"rendered":"<p>A Pol\u00edcia Federal informou que Luiz Phillipi Machado de Moraes Mour\u00e3o, o \u201cSic\u00e1rio\u201d de Vorcaro, tentou suicidou nesta quarta-feira (4). Ele estava sob cust\u00f3dia da institui\u00e7\u00e3o na Superintend\u00eancia Regional da PF em Minas Gerais.<\/p>\n<p>Sobre o atentado, a PF informou que \u201cpoliciais federais que estavam no local prestaram socorro imediato, iniciando procedimentos de reanima\u00e7\u00e3o e acionando o Servi\u00e7o de Atendimento M\u00f3vel de Urg\u00eancia (SAMU).\u201d A Pol\u00edcia Federal comunicou o ocorrido ao gabinete do ministro relator no Supremo Tribunal Federal e disse que \u201centregar\u00e1 todos os registros em v\u00eddeo que demonstram a din\u00e2mica do ocorrido.\u201d<\/p>\n<p>A PF tamb\u00e9m informou que \u201cser\u00e1 aberto procedimento apurat\u00f3rio para esclarecer as circunst\u00e2ncias do fato\u201d.<\/p>\n<p>De acordo com a Secretaria Estadual de Sa\u00fade de Minas Gerais, Luiz Philipi segue em cuidados no CTI do Hospital Jo\u00e3o XXIII. Na noite de ontem (5), foi iniciado o protocolo para investiga\u00e7\u00e3o de morte cerebral.<\/p>\n<p>Sic\u00e1rio, que significa assassino de aluguel, foi preso ontem (4) na terceira fase da Opera\u00e7\u00e3o Compliance Zero, que investiga um esquema bilion\u00e1rio de fraudes financeiras relacionadas ao Banco Master.<\/p>\n<p><strong>Centro de Valoriza\u00e7\u00e3o da Vida<\/strong><\/p>\n<p>Qualquer pessoa com pensamentos e sentimentos de querer acabar com a pr\u00f3pria vida deve buscar acolhimento em sua rede de apoio, como familiares, amigos e educadores, e tamb\u00e9m em servi\u00e7os de sa\u00fade. De acordo com o Minist\u00e9rio da Sa\u00fade, \u00e9 muito importante conversar com algu\u00e9m de confian\u00e7a e n\u00e3o hesitar em pedir ajuda, inclusive para buscar servi\u00e7os de sa\u00fade.<\/p>\n<p>O Centro de Valoriza\u00e7\u00e3o da Vida (CVV) realiza apoio emocional e preven\u00e7\u00e3o do suic\u00eddio, atendendo volunt\u00e1ria e gratuitamente todas as pessoas que querem e precisam conversar, sob total sigilo, por telefone (188), e-mail, chat e voip 24 horas todos os dias.<\/p>\n<p>Servi\u00e7os de sa\u00fade que podem ser procurados para atendimento:<\/p>\n<p>\u2013 Centros de Aten\u00e7\u00e3o Psicossocial (Caps) e Unidades B\u00e1sicas de Sa\u00fade (Sa\u00fade da fam\u00edlia, Postos e Centros de Sa\u00fade);<br \/>\n\u2013 UPA 24H, SAMU 192, Pronto Socorro; Hospitais;<br \/>\n\u2013 Centro de Valoriza\u00e7\u00e3o da Vida \u2013 188 (liga\u00e7\u00e3o gratuita).<\/p>\n<p>MaisPB<\/p>\n","protected":false},"excerpt":{"rendered":"<p>A Pol\u00edcia Federal informou que Luiz Phillipi Machado de Moraes Mour\u00e3o, o \u201cSic\u00e1rio\u201d de Vorcaro, tentou suicidou nesta quarta-feira (4). Ele estava sob cust\u00f3dia da institui\u00e7\u00e3o na Superintend\u00eancia Regional da PF em Minas Gerais. Sobre o atentado, a PF informou que \u201cpoliciais federais que estavam no local prestaram socorro imediato, iniciando procedimentos de reanima\u00e7\u00e3o e acionando o Servi\u00e7o de Atendimento M\u00f3vel de Urg\u00eancia (SAMU).\u201d A Pol\u00edcia Federal comunicou o ocorrido ao gabinete do ministro relator no Supremo Tribunal Federal e disse que \u201centregar\u00e1 todos os registros em v\u00eddeo que demonstram a din\u00e2mica do ocorrido.\u201d A PF tamb\u00e9m informou que \u201cser\u00e1 aberto procedimento apurat\u00f3rio para esclarecer as circunst\u00e2ncias do fato\u201d. De acordo com a Secretaria Estadual de Sa\u00fade de Minas Gerais, Luiz Philipi segue em cuidados no CTI do Hospital Jo\u00e3o XXIII. Na noite de ontem (5), foi iniciado o protocolo para investiga\u00e7\u00e3o de morte cerebral. Sic\u00e1rio, que significa assassino de aluguel, foi preso ontem (4) na terceira fase da Opera\u00e7\u00e3o Compliance Zero, que investiga um esquema bilion\u00e1rio de fraudes financeiras relacionadas ao Banco Master. Centro de Valoriza\u00e7\u00e3o da Vida Qualquer pessoa com pensamentos e sentimentos de querer acabar com a pr\u00f3pria vida deve buscar acolhimento em sua rede de apoio, como familiares, amigos e educadores, e tamb\u00e9m em servi\u00e7os de sa\u00fade. De acordo com o Minist\u00e9rio da Sa\u00fade, \u00e9 muito importante conversar com algu\u00e9m de confian\u00e7a e n\u00e3o hesitar em pedir ajuda, inclusive para buscar servi\u00e7os de sa\u00fade. O Centro de Valoriza\u00e7\u00e3o da Vida (CVV) realiza apoio emocional e preven\u00e7\u00e3o do suic\u00eddio, atendendo volunt\u00e1ria e gratuitamente todas as pessoas que querem e precisam conversar, sob total sigilo, por telefone (188), e-mail, chat e voip 24 horas todos os dias. Servi\u00e7os de sa\u00fade que podem ser procurados para atendimento: \u2013 Centros de Aten\u00e7\u00e3o Psicossocial (Caps) e Unidades B\u00e1sicas de Sa\u00fade (Sa\u00fade da fam\u00edlia, Postos e Centros de Sa\u00fade); \u2013 UPA 24H, SAMU 192, Pronto Socorro; Hospitais; \u2013 Centro de Valoriza\u00e7\u00e3o da Vida \u2013 188 (liga\u00e7\u00e3o gratuita). MaisPB<\/p>\n","protected":false},"author":6,"featured_media":310729,"comment_status":"closed","ping_status":"closed","sticky":false,"template":"","format":"standard","meta":{"sfsi_plus_gutenberg_text_before_share":"","sfsi_plus_gutenberg_show_text_before_share":"","sfsi_plus_gutenberg_icon_type":"","sfsi_plus_gutenberg_icon_alignemt":"","sfsi_plus_gutenburg_max_per_row":"","footnotes":""},"categories":[123,50,2],"tags":[],"class_list":["post-310728","post","type-post","status-publish","format-standard","has-post-thumbnail","hentry","category-brasil","category-destaque","category-geral"],"_links":{"self":[{"href":"https:\/\/www.caririemacao.com\/1\/wp-json\/wp\/v2\/posts\/310728","targetHints":{"allow":["GET"]}}],"collection":[{"href":"https:\/\/www.caririemacao.com\/1\/wp-json\/wp\/v2\/posts"}],"about":[{"href":"https:\/\/www.caririemacao.com\/1\/wp-json\/wp\/v2\/types\/post"}],"author":[{"embeddable":true,"href":"https:\/\/www.caririemacao.com\/1\/wp-json\/wp\/v2\/users\/6"}],"replies":[{"embeddable":true,"href":"https:\/\/www.caririemacao.com\/1\/wp-json\/wp\/v2\/comments?post=310728"}],"version-history":[{"count":1,"href":"https:\/\/www.caririemacao.com\/1\/wp-json\/wp\/v2\/posts\/310728\/revisions"}],"predecessor-version":[{"id":310730,"href":"https:\/\/www.caririemacao.com\/1\/wp-json\/wp\/v2\/posts\/310728\/revisions\/310730"}],"wp:featuredmedia":[{"embeddable":true,"href":"https:\/\/www.caririemacao.com\/1\/wp-json\/wp\/v2\/media\/310729"}],"wp:attachment":[{"href":"https:\/\/www.caririemacao.com\/1\/wp-json\/wp\/v2\/media?parent=310728"}],"wp:term":[{"taxonomy":"category","embeddable":true,"href":"https:\/\/www.caririemacao.com\/1\/wp-json\/wp\/v2\/categories?post=310728"},{"taxonomy":"post_tag","embeddable":true,"href":"https:\/\/www.caririemacao.com\/1\/wp-json\/wp\/v2\/tags?post=310728"}],"curies":[{"name":"wp","href":"https:\/\/api.w.org\/{rel}","templated":true}]}}