{"id":310921,"date":"2026-03-09T19:44:09","date_gmt":"2026-03-09T22:44:09","guid":{"rendered":"https:\/\/www.caririemacao.com\/1\/?p=310921"},"modified":"2026-03-09T19:44:09","modified_gmt":"2026-03-09T22:44:09","slug":"presidente-da-camara-de-sume-jeffeson-menezes-participa-de-seminario-de-agentes-de-saude-e-de-combate-as-endemias-e-reforca-apoio-a-aposentadoria-especial-da-categoria","status":"publish","type":"post","link":"https:\/\/www.caririemacao.com\/1\/2026\/03\/09\/presidente-da-camara-de-sume-jeffeson-menezes-participa-de-seminario-de-agentes-de-saude-e-de-combate-as-endemias-e-reforca-apoio-a-aposentadoria-especial-da-categoria\/","title":{"rendered":"Presidente da C\u00e2mara de Sum\u00e9, Jeffeson Menezes, participa de Semin\u00e1rio de Agentes de Sa\u00fade e de Combate \u00e0s Endemias e refor\u00e7a apoio \u00e0 aposentadoria especial da categoria"},"content":{"rendered":"<p>O presidente da C\u00e2mara Municipal de Sum\u00e9, Jeffeson Menezes, participou na \u00faltima sexta-feira (06), do Semin\u00e1rio Paraibano dos Agentes Comunit\u00e1rios de Sa\u00fade e Agentes de Combate \u00e0s Endemias pela Aposentadoria Especial, realizado em Jo\u00e3o Pessoa. O evento reuniu representantes da categoria de diversas cidades e teve como principal objetivo fortalecer o debate e a mobiliza\u00e7\u00e3o em defesa da aposentadoria especial para esses profissionais.<\/p>\n<p>Durante o encontro, 24 representantes de Sum\u00e9 estiveram presentes, demonstrando o engajamento do munic\u00edpio na luta pela valoriza\u00e7\u00e3o dos ACS (Agentes Comunit\u00e1rios de Sa\u00fade) e ACE (Agentes de Combate \u00e0s Endemias), profissionais que desempenham um papel fundamental na promo\u00e7\u00e3o da sa\u00fade, na preven\u00e7\u00e3o de doen\u00e7as e no acompanhamento das fam\u00edlias nas comunidades.<\/p>\n<p>Jeffeson Menezes destacou a import\u00e2ncia da categoria e reafirmou seu compromisso em apoiar as pautas dos profissionais, incluindo a luta pela aposentadoria especial, considerada uma reivindica\u00e7\u00e3o hist\u00f3rica da classe. Segundo ele, o reconhecimento das condi\u00e7\u00f5es de trabalho desses agentes \u00e9 essencial para garantir mais dignidade e valoriza\u00e7\u00e3o profissional.<\/p>\n<p>O parlamentar tamb\u00e9m tem acompanhado de perto as demandas da categoria e atuado para garantir avan\u00e7os, como a implementa\u00e7\u00e3o do IFA (Incentivo Financeiro Adicional), que hoje \u00e9 uma realidade e representa o reconhecimento do trabalho desenvolvido pelos agentes.<\/p>\n<p>Al\u00e9m disso, o presidente da C\u00e2mara ressaltou que est\u00e1 trabalhando, em parceria com o deputado federal Luiz Couto, para viabilizar recursos destinados \u00e0 aquisi\u00e7\u00e3o de motocicletas que ir\u00e3o auxiliar no deslocamento e no trabalho di\u00e1rio dos agentes nas comunidades.<\/p>\n<p>Ao final do encontro, os profissionais presentes tamb\u00e9m agradeceram o apoio e o empenho de Jeffeson Menezes na defesa da categoria. Os agentes destacaram a import\u00e2ncia do di\u00e1logo e do acompanhamento das pautas da classe pelo presidente da C\u00e2mara, reconhecendo sua atua\u00e7\u00e3o em busca de melhores condi\u00e7\u00f5es de trabalho e valoriza\u00e7\u00e3o dos Agentes Comunit\u00e1rios de Sa\u00fade e Agentes de Combate \u00e0s Endemias.<\/p>\n","protected":false},"excerpt":{"rendered":"<p>O presidente da C\u00e2mara Municipal de Sum\u00e9, Jeffeson Menezes, participou na \u00faltima sexta-feira (06), do Semin\u00e1rio Paraibano dos Agentes Comunit\u00e1rios de Sa\u00fade e Agentes de&hellip; <\/p>\n","protected":false},"author":6,"featured_media":310922,"comment_status":"closed","ping_status":"closed","sticky":false,"template":"","format":"standard","meta":{"sfsi_plus_gutenberg_text_before_share":"","sfsi_plus_gutenberg_show_text_before_share":"","sfsi_plus_gutenberg_icon_type":"","sfsi_plus_gutenberg_icon_alignemt":"","sfsi_plus_gutenburg_max_per_row":"","footnotes":""},"categories":[50,2,95],"tags":[],"class_list":["post-310921","post","type-post","status-publish","format-standard","has-post-thumbnail","hentry","category-destaque","category-geral","category-sume"],"_links":{"self":[{"href":"https:\/\/www.caririemacao.com\/1\/wp-json\/wp\/v2\/posts\/310921","targetHints":{"allow":["GET"]}}],"collection":[{"href":"https:\/\/www.caririemacao.com\/1\/wp-json\/wp\/v2\/posts"}],"about":[{"href":"https:\/\/www.caririemacao.com\/1\/wp-json\/wp\/v2\/types\/post"}],"author":[{"embeddable":true,"href":"https:\/\/www.caririemacao.com\/1\/wp-json\/wp\/v2\/users\/6"}],"replies":[{"embeddable":true,"href":"https:\/\/www.caririemacao.com\/1\/wp-json\/wp\/v2\/comments?post=310921"}],"version-history":[{"count":1,"href":"https:\/\/www.caririemacao.com\/1\/wp-json\/wp\/v2\/posts\/310921\/revisions"}],"predecessor-version":[{"id":310923,"href":"https:\/\/www.caririemacao.com\/1\/wp-json\/wp\/v2\/posts\/310921\/revisions\/310923"}],"wp:featuredmedia":[{"embeddable":true,"href":"https:\/\/www.caririemacao.com\/1\/wp-json\/wp\/v2\/media\/310922"}],"wp:attachment":[{"href":"https:\/\/www.caririemacao.com\/1\/wp-json\/wp\/v2\/media?parent=310921"}],"wp:term":[{"taxonomy":"category","embeddable":true,"href":"https:\/\/www.caririemacao.com\/1\/wp-json\/wp\/v2\/categories?post=310921"},{"taxonomy":"post_tag","embeddable":true,"href":"https:\/\/www.caririemacao.com\/1\/wp-json\/wp\/v2\/tags?post=310921"}],"curies":[{"name":"wp","href":"https:\/\/api.w.org\/{rel}","templated":true}]}}