{"id":310924,"date":"2026-03-09T19:46:16","date_gmt":"2026-03-09T22:46:16","guid":{"rendered":"https:\/\/www.caririemacao.com\/1\/?p=310924"},"modified":"2026-03-09T19:46:16","modified_gmt":"2026-03-09T22:46:16","slug":"prefeito-de-sao-jose-dos-cordeiros-felicio-queiroz-solicita-melhorias-em-rodovias-e-obras-hidricas-durante-reuniao-no-der","status":"publish","type":"post","link":"https:\/\/www.caririemacao.com\/1\/2026\/03\/09\/prefeito-de-sao-jose-dos-cordeiros-felicio-queiroz-solicita-melhorias-em-rodovias-e-obras-hidricas-durante-reuniao-no-der\/","title":{"rendered":"Prefeito de S\u00e3o Jos\u00e9 dos Cordeiros, Fel\u00edcio Queiroz, solicita melhorias em rodovias e obras h\u00eddricas durante reuni\u00e3o no DER"},"content":{"rendered":"<p>O prefeito de S\u00e3o Jos\u00e9 dos Cordeiros, Fel\u00edcio Queiroz, esteve em reuni\u00e3o no Departamento de Estradas de Rodagem da Para\u00edba (DER-PB) tratando de importantes pautas voltadas \u00e0 infraestrutura do munic\u00edpio.<\/p>\n<p>Durante a agenda, o gestor se reuniu com Dr. Marcos e Dr. Z\u00e9 Arnaldo, oportunidade em que apresentou demandas consideradas estrat\u00e9gicas para melhorar a mobilidade e fortalecer a seguran\u00e7a h\u00eddrica da cidade.<\/p>\n<p>Entre as solicita\u00e7\u00f5es, o prefeito destacou a necessidade de recapeamento da rodovia PB que liga S\u00e3o Jos\u00e9 dos Cordeiros a Serra Branca. Segundo ele, a estrada j\u00e1 possui cerca de 12 anos desde a \u00faltima interven\u00e7\u00e3o, o que refor\u00e7a a urg\u00eancia da obra para garantir melhores condi\u00e7\u00f5es de tr\u00e1fego.<\/p>\n<p>\u201cSolicitamos a recapagem da PB que liga S\u00e3o Jos\u00e9 dos Cordeiros a Serra Branca. Essa rodovia j\u00e1 tem aproximadamente 12 anos desde a \u00faltima obra e precisa dessa melhoria para garantir mais seguran\u00e7a e mobilidade para a nossa popula\u00e7\u00e3o\u201d, destacou Fel\u00edcio Queiroz.<\/p>\n<p>Outra pauta apresentada durante a reuni\u00e3o foi o pedido para constru\u00e7\u00e3o de um aterro-barragem na rodovia que liga S\u00e3o Jos\u00e9 dos Cordeiros \u00e0 cidade de Sum\u00e9, uma obra que pode contribuir significativamente para o armazenamento de \u00e1gua e para a seguran\u00e7a h\u00eddrica da regi\u00e3o.<\/p>\n<p>\u201cO nosso pedido tamb\u00e9m inclui a constru\u00e7\u00e3o de um aterro-barragem na rodovia que liga Cordeiros a Sum\u00e9. \u00c9 uma obra importante que pode ajudar na seguran\u00e7a h\u00eddrica do munic\u00edpio e trazer benef\u00edcios para toda a popula\u00e7\u00e3o\u201d, acrescentou o prefeito.<\/p>\n<p>Fel\u00edcio Queiroz ressaltou ainda que a gest\u00e3o municipal segue buscando parcerias e dialogando com \u00f3rg\u00e3os do Estado para garantir investimentos que promovam desenvolvimento e melhorias para S\u00e3o Jos\u00e9 dos Cordeiros.<\/p>\n<p>&nbsp;<\/p>\n","protected":false},"excerpt":{"rendered":"<p>O prefeito de S\u00e3o Jos\u00e9 dos Cordeiros, Fel\u00edcio Queiroz, esteve em reuni\u00e3o no Departamento de Estradas de Rodagem da Para\u00edba (DER-PB) tratando de importantes pautas&hellip; <\/p>\n","protected":false},"author":6,"featured_media":310925,"comment_status":"closed","ping_status":"closed","sticky":false,"template":"","format":"standard","meta":{"sfsi_plus_gutenberg_text_before_share":"","sfsi_plus_gutenberg_show_text_before_share":"","sfsi_plus_gutenberg_icon_type":"","sfsi_plus_gutenberg_icon_alignemt":"","sfsi_plus_gutenburg_max_per_row":"","footnotes":""},"categories":[50,2,91],"tags":[],"class_list":["post-310924","post","type-post","status-publish","format-standard","has-post-thumbnail","hentry","category-destaque","category-geral","category-sao-jose-dos-cordeiros"],"_links":{"self":[{"href":"https:\/\/www.caririemacao.com\/1\/wp-json\/wp\/v2\/posts\/310924","targetHints":{"allow":["GET"]}}],"collection":[{"href":"https:\/\/www.caririemacao.com\/1\/wp-json\/wp\/v2\/posts"}],"about":[{"href":"https:\/\/www.caririemacao.com\/1\/wp-json\/wp\/v2\/types\/post"}],"author":[{"embeddable":true,"href":"https:\/\/www.caririemacao.com\/1\/wp-json\/wp\/v2\/users\/6"}],"replies":[{"embeddable":true,"href":"https:\/\/www.caririemacao.com\/1\/wp-json\/wp\/v2\/comments?post=310924"}],"version-history":[{"count":1,"href":"https:\/\/www.caririemacao.com\/1\/wp-json\/wp\/v2\/posts\/310924\/revisions"}],"predecessor-version":[{"id":310926,"href":"https:\/\/www.caririemacao.com\/1\/wp-json\/wp\/v2\/posts\/310924\/revisions\/310926"}],"wp:featuredmedia":[{"embeddable":true,"href":"https:\/\/www.caririemacao.com\/1\/wp-json\/wp\/v2\/media\/310925"}],"wp:attachment":[{"href":"https:\/\/www.caririemacao.com\/1\/wp-json\/wp\/v2\/media?parent=310924"}],"wp:term":[{"taxonomy":"category","embeddable":true,"href":"https:\/\/www.caririemacao.com\/1\/wp-json\/wp\/v2\/categories?post=310924"},{"taxonomy":"post_tag","embeddable":true,"href":"https:\/\/www.caririemacao.com\/1\/wp-json\/wp\/v2\/tags?post=310924"}],"curies":[{"name":"wp","href":"https:\/\/api.w.org\/{rel}","templated":true}]}}