{"id":310927,"date":"2026-03-09T19:49:03","date_gmt":"2026-03-09T22:49:03","guid":{"rendered":"https:\/\/www.caririemacao.com\/1\/?p=310927"},"modified":"2026-03-09T19:49:03","modified_gmt":"2026-03-09T22:49:03","slug":"galdino-diz-que-ainda-nao-foi-chamado-para-discutir-vice-de-lucas-ribeiro-e-preve-definicao-nos-45%e2%80%b3-do-segundo-tempo","status":"publish","type":"post","link":"https:\/\/www.caririemacao.com\/1\/2026\/03\/09\/galdino-diz-que-ainda-nao-foi-chamado-para-discutir-vice-de-lucas-ribeiro-e-preve-definicao-nos-45%e2%80%b3-do-segundo-tempo\/","title":{"rendered":"Galdino diz que ainda n\u00e3o foi chamado para discutir vice de Lucas Ribeiro e prev\u00ea defini\u00e7\u00e3o \u201cnos 45\u2033 do segundo tempo\u201d"},"content":{"rendered":"<p>O presidente da Assembleia Legislativa da Para\u00edba (ALPB), Adriano Galdino (Republicanos), afirmou nesta segunda-feira (9) que ainda n\u00e3o foi convocado para dialogar sobre a escolha do vice na chapa encabe\u00e7ada pelo pr\u00e9-candidato Lucas Ribeiro (PP).<\/p>\n<p>Segundo o parlamentar, a defini\u00e7\u00e3o pode acontecer apenas mais pr\u00f3ximo do prazo final das articula\u00e7\u00f5es pol\u00edticas.<\/p>\n<p>Em declara\u00e7\u00e3o \u00e0 imprensa, Galdino destacou que, at\u00e9 o momento, n\u00e3o houve qualquer convite ou conversa formal sobre o tema. Apesar disso, ele acredita que o debate deve seguir o mesmo ritmo de decis\u00f5es pol\u00edticas anteriores no grupo.<\/p>\n<p>\u201cEu ainda n\u00e3o fui convocado para dialogar sobre esse assunto\u201d, disse.<\/p>\n<p>O presidente da ALPB tamb\u00e9m lembrou que escolhas importantes dentro do grupo pol\u00edtico foram definidas apenas no fim das negocia\u00e7\u00f5es, sugerindo que o mesmo pode ocorrer agora.<\/p>\n<p>\u201cA escolha do vice de Jo\u00e3o n\u00e3o foi na prorroga\u00e7\u00e3o? Lucas n\u00e3o foi escolhido na prorroga\u00e7\u00e3o? Ent\u00e3o acredito que esse debate tamb\u00e9m possa ser definido na prorroga\u00e7\u00e3o ou nos 45 minutos do segundo tempo\u201d, afirmou.<\/p>\n<p>O nome do pr\u00f3prio Adriano Galdino tem sido citado nos bastidores como uma das poss\u00edveis op\u00e7\u00f5es para compor como vice na eventual candidatura de Lucas Ribeiro.<\/p>\n<p><em>PB Agora<\/em><\/p>\n","protected":false},"excerpt":{"rendered":"<p>O presidente da Assembleia Legislativa da Para\u00edba (ALPB), Adriano Galdino (Republicanos), afirmou nesta segunda-feira (9) que ainda n\u00e3o foi convocado para dialogar sobre a escolha&hellip; <\/p>\n","protected":false},"author":6,"featured_media":301836,"comment_status":"closed","ping_status":"closed","sticky":false,"template":"","format":"standard","meta":{"sfsi_plus_gutenberg_text_before_share":"","sfsi_plus_gutenberg_show_text_before_share":"","sfsi_plus_gutenberg_icon_type":"","sfsi_plus_gutenberg_icon_alignemt":"","sfsi_plus_gutenburg_max_per_row":"","footnotes":""},"categories":[50,2,104,11],"tags":[],"class_list":["post-310927","post","type-post","status-publish","format-standard","has-post-thumbnail","hentry","category-destaque","category-geral","category-paraiba","category-politica"],"_links":{"self":[{"href":"https:\/\/www.caririemacao.com\/1\/wp-json\/wp\/v2\/posts\/310927","targetHints":{"allow":["GET"]}}],"collection":[{"href":"https:\/\/www.caririemacao.com\/1\/wp-json\/wp\/v2\/posts"}],"about":[{"href":"https:\/\/www.caririemacao.com\/1\/wp-json\/wp\/v2\/types\/post"}],"author":[{"embeddable":true,"href":"https:\/\/www.caririemacao.com\/1\/wp-json\/wp\/v2\/users\/6"}],"replies":[{"embeddable":true,"href":"https:\/\/www.caririemacao.com\/1\/wp-json\/wp\/v2\/comments?post=310927"}],"version-history":[{"count":1,"href":"https:\/\/www.caririemacao.com\/1\/wp-json\/wp\/v2\/posts\/310927\/revisions"}],"predecessor-version":[{"id":310928,"href":"https:\/\/www.caririemacao.com\/1\/wp-json\/wp\/v2\/posts\/310927\/revisions\/310928"}],"wp:featuredmedia":[{"embeddable":true,"href":"https:\/\/www.caririemacao.com\/1\/wp-json\/wp\/v2\/media\/301836"}],"wp:attachment":[{"href":"https:\/\/www.caririemacao.com\/1\/wp-json\/wp\/v2\/media?parent=310927"}],"wp:term":[{"taxonomy":"category","embeddable":true,"href":"https:\/\/www.caririemacao.com\/1\/wp-json\/wp\/v2\/categories?post=310927"},{"taxonomy":"post_tag","embeddable":true,"href":"https:\/\/www.caririemacao.com\/1\/wp-json\/wp\/v2\/tags?post=310927"}],"curies":[{"name":"wp","href":"https:\/\/api.w.org\/{rel}","templated":true}]}}