{"id":310929,"date":"2026-03-09T21:47:04","date_gmt":"2026-03-10T00:47:04","guid":{"rendered":"https:\/\/www.caririemacao.com\/1\/?p=310929"},"modified":"2026-03-09T21:47:04","modified_gmt":"2026-03-10T00:47:04","slug":"prefeita-acompanha-avanco-das-obras-do-novo-campus-da-ufpe-em-sertania","status":"publish","type":"post","link":"https:\/\/www.caririemacao.com\/1\/2026\/03\/09\/prefeita-acompanha-avanco-das-obras-do-novo-campus-da-ufpe-em-sertania\/","title":{"rendered":"Prefeita acompanha avan\u00e7o das obras do novo campus da UFPE em Sert\u00e2nia"},"content":{"rendered":"<p>Na tarde desta segunda-feira (9), a prefeita de Sert\u00e2nia, Pollyanna Abreu, acompanhou o andamento da segunda etapa das obras do novo campus da Universidade Federal de Pernambuco (UFPE) no munic\u00edpio. A visita contou com a presen\u00e7a do reitor da institui\u00e7\u00e3o, Alfredo Gomes, do vice-reitor Moacir Cunha e do diretor do Centro Acad\u00eamico do Sert\u00e3o, Severino Martins.<\/p>\n<p>Tamb\u00e9m participaram vereadores, professores da universidade e o engenheiro respons\u00e1vel pela obra. A nova estrutura est\u00e1 sendo constru\u00edda no bairro Vila do Ferro Velho e integra a amplia\u00e7\u00e3o do Centro Acad\u00eamico do Sert\u00e3o.<\/p>\n<p>O campus contar\u00e1 com novos pr\u00e9dios, salas de aula e laborat\u00f3rios, destinados ao funcionamento dos cursos j\u00e1 existentes Licenciatura em Hist\u00f3ria, Gest\u00e3o P\u00fablica, Engenharia Ambiental e Engenharia de Recursos H\u00eddricos al\u00e9m da implanta\u00e7\u00e3o de novas gradua\u00e7\u00f5es, como Medicina Veterin\u00e1ria e Medicina.<\/p>\n<p>A obra integra investimentos do Programa de Acelera\u00e7\u00e3o do Crescimento (PAC), do Governo Federal. A segunda etapa est\u00e1 or\u00e7ada em cerca de R$ 28 milh\u00f5es e tem previs\u00e3o de execu\u00e7\u00e3o de aproximadamente um ano e meio.<br \/>\nSegundo a prefeita Pollyanna Abreu, o investimento fortalece o desenvolvimento regional e amplia as oportunidades para a popula\u00e7\u00e3o.<\/p>\n<p>\u201cEstamos acompanhando de perto uma obra que representa desenvolvimento para Sert\u00e2nia e toda a regi\u00e3o. Al\u00e9m de gerar empregos durante a constru\u00e7\u00e3o, a expans\u00e3o da universidade amplia o acesso \u00e0 educa\u00e7\u00e3o p\u00fablica de qualidade e abre novas perspectivas para os jovens do nosso munic\u00edpio\u201d, destacou.<\/p>\n<p>Com a amplia\u00e7\u00e3o do Centro Acad\u00eamico do Sert\u00e3o, a expectativa \u00e9 de que o investimento total ultrapasse R$ 50 milh\u00f5es, fortalecendo a economia local e consolidando Sert\u00e2nia como polo regional de educa\u00e7\u00e3o superior.<\/p>\n","protected":false},"excerpt":{"rendered":"<p>Na tarde desta segunda-feira (9), a prefeita de Sert\u00e2nia, Pollyanna Abreu, acompanhou o andamento da segunda etapa das obras do novo campus da Universidade Federal&hellip; <\/p>\n","protected":false},"author":6,"featured_media":310930,"comment_status":"closed","ping_status":"closed","sticky":false,"template":"","format":"standard","meta":{"sfsi_plus_gutenberg_text_before_share":"","sfsi_plus_gutenberg_show_text_before_share":"","sfsi_plus_gutenberg_icon_type":"","sfsi_plus_gutenberg_icon_alignemt":"","sfsi_plus_gutenburg_max_per_row":"","footnotes":""},"categories":[50,2,94],"tags":[],"class_list":["post-310929","post","type-post","status-publish","format-standard","has-post-thumbnail","hentry","category-destaque","category-geral","category-sertania"],"_links":{"self":[{"href":"https:\/\/www.caririemacao.com\/1\/wp-json\/wp\/v2\/posts\/310929","targetHints":{"allow":["GET"]}}],"collection":[{"href":"https:\/\/www.caririemacao.com\/1\/wp-json\/wp\/v2\/posts"}],"about":[{"href":"https:\/\/www.caririemacao.com\/1\/wp-json\/wp\/v2\/types\/post"}],"author":[{"embeddable":true,"href":"https:\/\/www.caririemacao.com\/1\/wp-json\/wp\/v2\/users\/6"}],"replies":[{"embeddable":true,"href":"https:\/\/www.caririemacao.com\/1\/wp-json\/wp\/v2\/comments?post=310929"}],"version-history":[{"count":1,"href":"https:\/\/www.caririemacao.com\/1\/wp-json\/wp\/v2\/posts\/310929\/revisions"}],"predecessor-version":[{"id":310931,"href":"https:\/\/www.caririemacao.com\/1\/wp-json\/wp\/v2\/posts\/310929\/revisions\/310931"}],"wp:featuredmedia":[{"embeddable":true,"href":"https:\/\/www.caririemacao.com\/1\/wp-json\/wp\/v2\/media\/310930"}],"wp:attachment":[{"href":"https:\/\/www.caririemacao.com\/1\/wp-json\/wp\/v2\/media?parent=310929"}],"wp:term":[{"taxonomy":"category","embeddable":true,"href":"https:\/\/www.caririemacao.com\/1\/wp-json\/wp\/v2\/categories?post=310929"},{"taxonomy":"post_tag","embeddable":true,"href":"https:\/\/www.caririemacao.com\/1\/wp-json\/wp\/v2\/tags?post=310929"}],"curies":[{"name":"wp","href":"https:\/\/api.w.org\/{rel}","templated":true}]}}