{"id":310932,"date":"2026-03-09T21:48:50","date_gmt":"2026-03-10T00:48:50","guid":{"rendered":"https:\/\/www.caririemacao.com\/1\/?p=310932"},"modified":"2026-03-09T21:48:50","modified_gmt":"2026-03-10T00:48:50","slug":"camara-de-sao-joao-do-cariri-implanta-votacao-eletronica-e-moderniza-sessoes-legislativas","status":"publish","type":"post","link":"https:\/\/www.caririemacao.com\/1\/2026\/03\/09\/camara-de-sao-joao-do-cariri-implanta-votacao-eletronica-e-moderniza-sessoes-legislativas\/","title":{"rendered":"C\u00e2mara de S\u00e3o Jo\u00e3o do Cariri implanta vota\u00e7\u00e3o eletr\u00f4nica e moderniza sess\u00f5es legislativas"},"content":{"rendered":"<p>A C\u00e2mara Municipal de S\u00e3o Jo\u00e3o do Cariri marcou um momento hist\u00f3rico na \u00faltima sexta-feira ao implantar, pela primeira vez, o sistema de vota\u00e7\u00e3o eletr\u00f4nica durante uma sess\u00e3o ordin\u00e1ria do legislativo municipal.<\/p>\n<p>A novidade j\u00e1 foi utilizada pelos vereadores durante a aprecia\u00e7\u00e3o das mat\u00e9rias e proposituras que estavam na pauta da sess\u00e3o. Com o novo sistema, os parlamentares passaram a registrar seus votos de forma eletr\u00f4nica, garantindo mais agilidade, organiza\u00e7\u00e3o e transpar\u00eancia ao processo legislativo.<\/p>\n<p>A implanta\u00e7\u00e3o da vota\u00e7\u00e3o eletr\u00f4nica representa um importante avan\u00e7o para o poder legislativo s\u00e3ojo\u00e3oense, acompanhando a moderniza\u00e7\u00e3o adotada por diversas c\u00e2maras municipais no pa\u00eds e proporcionando maior clareza no registro das decis\u00f5es tomadas em plen\u00e1rio.<\/p>\n<p>O presidente da Casa, o vereador Alberto Gaud\u00eancio, destacou o trabalho realizado para a implanta\u00e7\u00e3o do sistema e ressaltou a import\u00e2ncia da iniciativa para fortalecer a transpar\u00eancia das atividades legislativas.<\/p>\n<p>Segundo ele, a ado\u00e7\u00e3o da vota\u00e7\u00e3o eletr\u00f4nica tem como principal objetivo modernizar os trabalhos da C\u00e2mara e oferecer mais transpar\u00eancia \u00e0 popula\u00e7\u00e3o sobre as decis\u00f5es tomadas pelos vereadores durante as sess\u00f5es.<\/p>\n<p>Com a implanta\u00e7\u00e3o do novo sistema, a C\u00e2mara Municipal de S\u00e3o Jo\u00e3o do Cariri passa a contar com mais um instrumento tecnol\u00f3gico que contribui para tornar os trabalhos legislativos mais eficientes e acess\u00edveis \u00e0 popula\u00e7\u00e3o.<\/p>\n<p>Ascom<\/p>\n","protected":false},"excerpt":{"rendered":"<p>A C\u00e2mara Municipal de S\u00e3o Jo\u00e3o do Cariri marcou um momento hist\u00f3rico na \u00faltima sexta-feira ao implantar, pela primeira vez, o sistema de vota\u00e7\u00e3o eletr\u00f4nica&hellip; <\/p>\n","protected":false},"author":6,"featured_media":310933,"comment_status":"closed","ping_status":"closed","sticky":false,"template":"","format":"standard","meta":{"sfsi_plus_gutenberg_text_before_share":"","sfsi_plus_gutenberg_show_text_before_share":"","sfsi_plus_gutenberg_icon_type":"","sfsi_plus_gutenberg_icon_alignemt":"","sfsi_plus_gutenburg_max_per_row":"","footnotes":""},"categories":[50,2,88],"tags":[],"class_list":["post-310932","post","type-post","status-publish","format-standard","has-post-thumbnail","hentry","category-destaque","category-geral","category-sao-joao-do-cariri"],"_links":{"self":[{"href":"https:\/\/www.caririemacao.com\/1\/wp-json\/wp\/v2\/posts\/310932","targetHints":{"allow":["GET"]}}],"collection":[{"href":"https:\/\/www.caririemacao.com\/1\/wp-json\/wp\/v2\/posts"}],"about":[{"href":"https:\/\/www.caririemacao.com\/1\/wp-json\/wp\/v2\/types\/post"}],"author":[{"embeddable":true,"href":"https:\/\/www.caririemacao.com\/1\/wp-json\/wp\/v2\/users\/6"}],"replies":[{"embeddable":true,"href":"https:\/\/www.caririemacao.com\/1\/wp-json\/wp\/v2\/comments?post=310932"}],"version-history":[{"count":1,"href":"https:\/\/www.caririemacao.com\/1\/wp-json\/wp\/v2\/posts\/310932\/revisions"}],"predecessor-version":[{"id":310934,"href":"https:\/\/www.caririemacao.com\/1\/wp-json\/wp\/v2\/posts\/310932\/revisions\/310934"}],"wp:featuredmedia":[{"embeddable":true,"href":"https:\/\/www.caririemacao.com\/1\/wp-json\/wp\/v2\/media\/310933"}],"wp:attachment":[{"href":"https:\/\/www.caririemacao.com\/1\/wp-json\/wp\/v2\/media?parent=310932"}],"wp:term":[{"taxonomy":"category","embeddable":true,"href":"https:\/\/www.caririemacao.com\/1\/wp-json\/wp\/v2\/categories?post=310932"},{"taxonomy":"post_tag","embeddable":true,"href":"https:\/\/www.caririemacao.com\/1\/wp-json\/wp\/v2\/tags?post=310932"}],"curies":[{"name":"wp","href":"https:\/\/api.w.org\/{rel}","templated":true}]}}