{"id":310946,"date":"2026-03-10T07:55:27","date_gmt":"2026-03-10T10:55:27","guid":{"rendered":"https:\/\/www.caririemacao.com\/1\/?p=310946"},"modified":"2026-03-10T07:55:27","modified_gmt":"2026-03-10T10:55:27","slug":"sobe-para-140-numero-de-casos-confirmados-de-mpox-no-pais-em-2026","status":"publish","type":"post","link":"https:\/\/www.caririemacao.com\/1\/2026\/03\/10\/sobe-para-140-numero-de-casos-confirmados-de-mpox-no-pais-em-2026\/","title":{"rendered":"Sobe para 140 n\u00famero de casos confirmados de Mpox no pa\u00eds, em 2026"},"content":{"rendered":"<div class=\"header-noticia full-width\">\n<div class=\"linha-fina-noticia\" style=\"text-align: center;\"><em><strong>Estado que mais registrou casos da doen\u00e7a foi S\u00e3o Paulo, com 93<\/strong><\/em><\/div>\n<\/div>\n<div><\/div>\n<div>\n<p><strong>O n\u00famero de casos confirmados de Mpox no pa\u00eds subiu para 140 desde o in\u00edcio de 2026.\u00a0<\/strong>N\u00e3o houve registro de mortes decorrentes da doen\u00e7a no per\u00edodo. Os casos suspeitos somam 539; al\u00e9m de 9 prov\u00e1veis. Os dados s\u00e3o do Minist\u00e9rio da Sa\u00fade e foram atualizados ontem segunda-feira (9).<img decoding=\"async\" data-src=\"https:\/\/agenciabrasil.ebc.com.br\/ebc.png?id=1681319&amp;o=node\" src=\"data:image\/svg+xml;base64,PHN2ZyB3aWR0aD0iMSIgaGVpZ2h0PSIxIiB4bWxucz0iaHR0cDovL3d3dy53My5vcmcvMjAwMC9zdmciPjwvc3ZnPg==\" class=\"lazyload\" \/><img decoding=\"async\" data-src=\"https:\/\/agenciabrasil.ebc.com.br\/ebc.gif?id=1681319&amp;o=node\" src=\"data:image\/svg+xml;base64,PHN2ZyB3aWR0aD0iMSIgaGVpZ2h0PSIxIiB4bWxucz0iaHR0cDovL3d3dy53My5vcmcvMjAwMC9zdmciPjwvc3ZnPg==\" class=\"lazyload\" \/><\/p>\n<p>Em janeiro, o n\u00famero de casos confirmados e prov\u00e1veis totalizou 68; em fevereiro, 70; e em mar\u00e7o, 11.\u00a0<strong>No ano, o estado que mais registrou casos da doen\u00e7a foi S\u00e3o Paulo (93), seguido pelo Rio de Janeiro (18) e Rond\u00f4nia (11).<\/strong><\/p>\n<h2>Mpox<\/h2>\n<p>A Mpox \u00e9 uma doen\u00e7a do mesmo g\u00eanero da var\u00edola humana, mas geralmente menos letal.\u00a0<strong>Trata-se de uma doen\u00e7a zoon\u00f3tica viral em que a transmiss\u00e3o para humanos pode ocorrer por meio do contato com pessoas infectadas pelo Mpox v\u00edrus, materiais contaminados com o v\u00edrus, ou animais silvestres infectados.<\/strong><\/p>\n<p>Os sinais e sintomas, em geral, incluem erup\u00e7\u00e3o cut\u00e2nea ou les\u00f5es de pele, linfonodos inchados (\u00ednguas), febre, dor de cabe\u00e7a, dores no corpo, calafrio, e fraqueza.<\/p>\n<p>Pessoas com sintomas compat\u00edveis devem procurar uma unidade de sa\u00fade para avalia\u00e7\u00e3o. Recomenda-se evitar o contato pr\u00f3ximo com outras pessoas.<\/p>\n<p>FONTE: Ag\u00eancia Brasil<\/p>\n<\/div>\n<div class=\"subheader\">\n<div class=\"container-autoria\" style=\"text-align: center;\"><\/div>\n<\/div>\n","protected":false},"excerpt":{"rendered":"<p>Estado que mais registrou casos da doen\u00e7a foi S\u00e3o Paulo, com 93 O n\u00famero de casos confirmados de Mpox no pa\u00eds subiu para 140 desde&hellip; <\/p>\n","protected":false},"author":6,"featured_media":310947,"comment_status":"closed","ping_status":"closed","sticky":false,"template":"","format":"standard","meta":{"sfsi_plus_gutenberg_text_before_share":"","sfsi_plus_gutenberg_show_text_before_share":"","sfsi_plus_gutenberg_icon_type":"","sfsi_plus_gutenberg_icon_alignemt":"","sfsi_plus_gutenburg_max_per_row":"","footnotes":""},"categories":[50,1,16],"tags":[],"class_list":["post-310946","post","type-post","status-publish","format-standard","has-post-thumbnail","hentry","category-destaque","category-o-site","category-saude"],"_links":{"self":[{"href":"https:\/\/www.caririemacao.com\/1\/wp-json\/wp\/v2\/posts\/310946","targetHints":{"allow":["GET"]}}],"collection":[{"href":"https:\/\/www.caririemacao.com\/1\/wp-json\/wp\/v2\/posts"}],"about":[{"href":"https:\/\/www.caririemacao.com\/1\/wp-json\/wp\/v2\/types\/post"}],"author":[{"embeddable":true,"href":"https:\/\/www.caririemacao.com\/1\/wp-json\/wp\/v2\/users\/6"}],"replies":[{"embeddable":true,"href":"https:\/\/www.caririemacao.com\/1\/wp-json\/wp\/v2\/comments?post=310946"}],"version-history":[{"count":1,"href":"https:\/\/www.caririemacao.com\/1\/wp-json\/wp\/v2\/posts\/310946\/revisions"}],"predecessor-version":[{"id":310948,"href":"https:\/\/www.caririemacao.com\/1\/wp-json\/wp\/v2\/posts\/310946\/revisions\/310948"}],"wp:featuredmedia":[{"embeddable":true,"href":"https:\/\/www.caririemacao.com\/1\/wp-json\/wp\/v2\/media\/310947"}],"wp:attachment":[{"href":"https:\/\/www.caririemacao.com\/1\/wp-json\/wp\/v2\/media?parent=310946"}],"wp:term":[{"taxonomy":"category","embeddable":true,"href":"https:\/\/www.caririemacao.com\/1\/wp-json\/wp\/v2\/categories?post=310946"},{"taxonomy":"post_tag","embeddable":true,"href":"https:\/\/www.caririemacao.com\/1\/wp-json\/wp\/v2\/tags?post=310946"}],"curies":[{"name":"wp","href":"https:\/\/api.w.org\/{rel}","templated":true}]}}