{"id":310952,"date":"2026-03-10T08:12:36","date_gmt":"2026-03-10T11:12:36","guid":{"rendered":"https:\/\/www.caririemacao.com\/1\/?p=310952"},"modified":"2026-03-10T08:12:36","modified_gmt":"2026-03-10T11:12:36","slug":"senadores-alcancam-minimo-de-assinaturas-para-criar-cpi-contra-moraes-e-toffoli","status":"publish","type":"post","link":"https:\/\/www.caririemacao.com\/1\/2026\/03\/10\/senadores-alcancam-minimo-de-assinaturas-para-criar-cpi-contra-moraes-e-toffoli\/","title":{"rendered":"Senadores alcan\u00e7am m\u00ednimo de assinaturas para criar CPI contra Moraes e Toffoli"},"content":{"rendered":"<div class=\"subtitulo mb-3\" style=\"text-align: center;\"><em><strong>Parlamentares querem investigar rela\u00e7\u00f5es dos ministros do STF com Daniel Vorcaro<\/strong><\/em><\/div>\n<div><\/div>\n<div>\n<p class=\"wp-block-paragraph\">O senador Alessandro Vieira (MDB-SE) anunciou ontem segunda-feira (9) que alcan\u00e7ou ao menos 29 assinaturas para pedir a cria\u00e7\u00e3o de uma CPI (Comiss\u00e3o Parlamentar de Inqu\u00e9rito) para investigar os ministros do STF (Supremo Tribunal Federal) Alexandre de Moraes e Dias Toffoli no caso do Banco Master.<\/p>\n<p class=\"wp-block-paragraph\">O n\u00famero ultrapassa o m\u00ednimo necess\u00e1rio para a cria\u00e7\u00e3o da comiss\u00e3o, mas o senador afirmou que vai continuar a coleta at\u00e9 atingir um n\u00famero \u201cmais seguro\u201d para protocolar o pedido, que deve ser apresentado ao presidente do Senado,\u00a0Davi Alcolumbre\u00a0(Uni\u00e3o-AP), ainda nesta segunda.<\/p>\n<p class=\"wp-block-paragraph\">At\u00e9 o momento, senadores dos partidos MDB, PL, Novo, PP, Uni\u00e3o Brasil, PSDB, Republicanos, PSD, PSB e Podemos apoiaram a iniciativa.<\/p>\n<p class=\"wp-block-paragraph\">O objetivo do grupo ser\u00e1 apurar as condutas dos ministros do Supremo e suas rela\u00e7\u00f5es com o banqueiro\u00a0Daniel Vorcaro. O\u00a0<strong>R7\u00a0<\/strong>tenta contato com a assessoria de imprensa do STF para pedir um posicionamento do \u00f3rg\u00e3o.<\/p>\n<p class=\"wp-block-paragraph\">Informa\u00e7\u00f5es encontradas pela Pol\u00edcia Federal no celular de Vorcaro indicam rela\u00e7\u00e3o entre o empres\u00e1rio e Moraes h\u00e1 pelo menos dois anos. O ministro nega ter conversado com o dono do Banco Master.<\/p>\n<p class=\"wp-block-paragraph\">\u201cSem condena\u00e7\u00e3o antecipada, mas com muita firmeza, vamos realizar uma investiga\u00e7\u00e3o absolutamente necess\u00e1ria para resgatar a confian\u00e7a dos brasileiros nas institui\u00e7\u00f5es. O Brasil s\u00f3 ser\u00e1 uma verdadeira rep\u00fablica democr\u00e1tica quando todos estiverem submetidos ao mesmo rigor da lei\u201d, disse Vieira pelas redes sociais.<\/p>\n<p class=\"wp-block-paragraph\"><strong>Veja quem assinou o pedido de cria\u00e7\u00e3o da CPI at\u00e9 o momento:<\/strong><\/p>\n<ul class=\"wp-block-list\">\n<li>Alessandro Vieira (MDB-SE)<\/li>\n<li>Fl\u00e1vio Bolsonaro (PL-RJ)<\/li>\n<li>Astronauta Marcos Pontes (PL-SP)<\/li>\n<li>Eduardo Gir\u00e3o (Novo-CE)<\/li>\n<li>Magno Malta (PL-ES)<\/li>\n<li>Luis Carlos Heinze (PP-RS)<\/li>\n<li>Sergio Moro (Uni\u00e3o-PR)<\/li>\n<li>Esperidi\u00e3o Amin (PP-SC)<\/li>\n<li>Carlos Portinho (PL-RJ)<\/li>\n<li>Styvenson Valentim (PSDB-RN)<\/li>\n<li>Marcio Bittar (PL-AC)<\/li>\n<li>Pl\u00ednio Val\u00e9rio (PSDB-AM)<\/li>\n<li>Jaime Bagattoli (PL-RO)<\/li>\n<li>Oriovisto Guimar\u00e3es (PSDB-PR)<\/li>\n<li>Damares Alves (Republicanos-DF)<\/li>\n<li>Cleitinho (Republicanos-MG)<\/li>\n<li>Hamilton Mour\u00e3o (Republicanos-RS)<\/li>\n<li>Vanderlan Cardoso (PSD-GO)<\/li>\n<li>Jorge Kajuru (PSB-GO)<\/li>\n<li>Margareth Buzetti (PP-MT)<\/li>\n<li>Alan Rick (Republicanos-AC)<\/li>\n<li>Wilder Morais (PL-GO)<\/li>\n<li>Izalci Lucas (PL-DF)<\/li>\n<li>Mara Gabrilli (PSD-SP)<\/li>\n<li>Marcos do Val (Podemos-ES)<\/li>\n<li>Rogerio Marinho (PL-RN)<\/li>\n<li>Fl\u00e1vio Arns (PSB-PR)<\/li>\n<li>La\u00e9rcio Oliveira (PP-SE)<\/li>\n<li>Dr. Hiran (PP-RR)<\/li>\n<\/ul>\n<p>FONTE: Portal Correio<\/p>\n<\/div>\n","protected":false},"excerpt":{"rendered":"<p>Parlamentares querem investigar rela\u00e7\u00f5es dos ministros do STF com Daniel Vorcaro O senador Alessandro Vieira (MDB-SE) anunciou ontem segunda-feira (9) que alcan\u00e7ou ao menos 29&hellip; <\/p>\n","protected":false},"author":6,"featured_media":310953,"comment_status":"closed","ping_status":"closed","sticky":false,"template":"","format":"standard","meta":{"sfsi_plus_gutenberg_text_before_share":"","sfsi_plus_gutenberg_show_text_before_share":"","sfsi_plus_gutenberg_icon_type":"","sfsi_plus_gutenberg_icon_alignemt":"","sfsi_plus_gutenburg_max_per_row":"","footnotes":""},"categories":[50,1,11],"tags":[],"class_list":["post-310952","post","type-post","status-publish","format-standard","has-post-thumbnail","hentry","category-destaque","category-o-site","category-politica"],"_links":{"self":[{"href":"https:\/\/www.caririemacao.com\/1\/wp-json\/wp\/v2\/posts\/310952","targetHints":{"allow":["GET"]}}],"collection":[{"href":"https:\/\/www.caririemacao.com\/1\/wp-json\/wp\/v2\/posts"}],"about":[{"href":"https:\/\/www.caririemacao.com\/1\/wp-json\/wp\/v2\/types\/post"}],"author":[{"embeddable":true,"href":"https:\/\/www.caririemacao.com\/1\/wp-json\/wp\/v2\/users\/6"}],"replies":[{"embeddable":true,"href":"https:\/\/www.caririemacao.com\/1\/wp-json\/wp\/v2\/comments?post=310952"}],"version-history":[{"count":1,"href":"https:\/\/www.caririemacao.com\/1\/wp-json\/wp\/v2\/posts\/310952\/revisions"}],"predecessor-version":[{"id":310954,"href":"https:\/\/www.caririemacao.com\/1\/wp-json\/wp\/v2\/posts\/310952\/revisions\/310954"}],"wp:featuredmedia":[{"embeddable":true,"href":"https:\/\/www.caririemacao.com\/1\/wp-json\/wp\/v2\/media\/310953"}],"wp:attachment":[{"href":"https:\/\/www.caririemacao.com\/1\/wp-json\/wp\/v2\/media?parent=310952"}],"wp:term":[{"taxonomy":"category","embeddable":true,"href":"https:\/\/www.caririemacao.com\/1\/wp-json\/wp\/v2\/categories?post=310952"},{"taxonomy":"post_tag","embeddable":true,"href":"https:\/\/www.caririemacao.com\/1\/wp-json\/wp\/v2\/tags?post=310952"}],"curies":[{"name":"wp","href":"https:\/\/api.w.org\/{rel}","templated":true}]}}