{"id":310961,"date":"2026-03-10T08:34:19","date_gmt":"2026-03-10T11:34:19","guid":{"rendered":"https:\/\/www.caririemacao.com\/1\/?p=310961"},"modified":"2026-03-10T08:34:19","modified_gmt":"2026-03-10T11:34:19","slug":"joao-azevedo-anuncia-pavimentacao-asfaltica-de-estradas-no-cariri","status":"publish","type":"post","link":"https:\/\/www.caririemacao.com\/1\/2026\/03\/10\/joao-azevedo-anuncia-pavimentacao-asfaltica-de-estradas-no-cariri\/","title":{"rendered":"Jo\u00e3o Azev\u00eado anuncia pavimenta\u00e7\u00e3o asf\u00e1ltica de estradas no Cariri"},"content":{"rendered":"<div class=\"entry-thumb single-entry-thumb\"><\/div>\n<p>O governador Jo\u00e3o Azev\u00eado anunciou, ontem segunda-feira (9), durante o Programa Conversa com o Governador, transmitido em cadeia estadual pela R\u00e1dio Tabajara, novos investimentos na infraestrutura rodovi\u00e1ria da Para\u00edba, beneficiando munic\u00edpios da regi\u00e3o do Cariri (em negrito). Entre os destaques, est\u00e1 a Ordem de Servi\u00e7o da rodovia estadual PB-370, que liga o munic\u00edpio de Curral Velho ao entroncamento da PB-306; a PB-141, que liga Pocinhos, Nazar\u00e9 e vicinal de Nazar\u00e9 a Olivedos; a PB-196, <strong>no trecho Barra de S\u00e3o Miguel at\u00e9 Cara\u00fabas<\/strong>; o acesso ao Distrito de Coronel Maia, em Catol\u00e9 do Rocha; e a\u00a0<strong>PB-210, que liga Sum\u00e9 a S\u00e3o Jo\u00e3o dos Cordeiros<\/strong>. Juntas, as rodovias somam mais de 100 quil\u00f4metros de extens\u00e3o e representam mais de R$ 158 milh\u00f5es em investimentos.<\/p>\n<p>J\u00e1 em fase de homologa\u00e7\u00e3o de licita\u00e7\u00e3o est\u00e3o a\u00a0<strong>PB-202, ligando S\u00e3o Jo\u00e3o do Cariri a Parari; a PB-366,<\/strong>\u00a0trecho que liga Aguiar ao entroncamento da PB-384; PB-081, que liga Duas Estradas, Logradouro e o acesso a Cai\u00e7ara;\u00a0<strong>a PB-194, que liga o Distrito de Barreiras, em Cara\u00fabas, ao entroncamento da PB-214 (no Congo)<\/strong>, assim como a recupera\u00e7\u00e3o dos seguintes trechos: PB-041 (Sap\u00e9\/Capim\/entroncamento da BR-101); PB-045 (Capim\/Cuit\u00e9 de Mamanguape; e o acesso a Renascen\u00e7a.<\/p>\n<p>Ao todo, o Governo da Para\u00edba est\u00e1 investindo mais de R$ 570 milh\u00f5es em estradas, cujas obras j\u00e1 foram iniciadas, autorizadas ou em fase de licita\u00e7\u00e3o \u2014 totalizando mais de 332 quil\u00f4metros de extens\u00e3o.<\/p>\n<p>\u201cAs estradas est\u00e3o num ritmo muito forte de execu\u00e7\u00e3o. A estrada Galante\/Ligeiro est\u00e1 em andamento; a Avenida Floriano Peixoto, l\u00e1 em Campina Grande, ligando at\u00e9 o Arco Metropolitano; a requalifica\u00e7\u00e3o dos Distritos de Campina Grande, uma obra muito importante e que leva investimentos acima de R$ 35 milh\u00f5es, para fazer com que o cidad\u00e3o que \u00e9 empres\u00e1rio, que tem a sua ind\u00fastria montada l\u00e1 em Campina Grande, que estava sem conseguir tirar os seus produtos de dentro da f\u00e1brica, possa fazer isso muito em breve. S\u00e3o R$ 726 milh\u00f5es que este Estado est\u00e1 anunciando em seguran\u00e7a h\u00eddrica e em estradas\u201d, concluiu o governador Jo\u00e3o Azev\u00eado, destacando a boa gest\u00e3o fiscal do Estado para a realiza\u00e7\u00e3o das obras.<\/p>\n<p>FONTE: Cariri Ligado<\/p>\n","protected":false},"excerpt":{"rendered":"<p>O governador Jo\u00e3o Azev\u00eado anunciou, ontem segunda-feira (9), durante o Programa Conversa com o Governador, transmitido em cadeia estadual pela R\u00e1dio Tabajara, novos investimentos na&hellip; <\/p>\n","protected":false},"author":6,"featured_media":310962,"comment_status":"closed","ping_status":"closed","sticky":false,"template":"","format":"standard","meta":{"sfsi_plus_gutenberg_text_before_share":"","sfsi_plus_gutenberg_show_text_before_share":"","sfsi_plus_gutenberg_icon_type":"","sfsi_plus_gutenberg_icon_alignemt":"","sfsi_plus_gutenburg_max_per_row":"","footnotes":""},"categories":[50,104,11],"tags":[],"class_list":["post-310961","post","type-post","status-publish","format-standard","has-post-thumbnail","hentry","category-destaque","category-paraiba","category-politica"],"_links":{"self":[{"href":"https:\/\/www.caririemacao.com\/1\/wp-json\/wp\/v2\/posts\/310961","targetHints":{"allow":["GET"]}}],"collection":[{"href":"https:\/\/www.caririemacao.com\/1\/wp-json\/wp\/v2\/posts"}],"about":[{"href":"https:\/\/www.caririemacao.com\/1\/wp-json\/wp\/v2\/types\/post"}],"author":[{"embeddable":true,"href":"https:\/\/www.caririemacao.com\/1\/wp-json\/wp\/v2\/users\/6"}],"replies":[{"embeddable":true,"href":"https:\/\/www.caririemacao.com\/1\/wp-json\/wp\/v2\/comments?post=310961"}],"version-history":[{"count":1,"href":"https:\/\/www.caririemacao.com\/1\/wp-json\/wp\/v2\/posts\/310961\/revisions"}],"predecessor-version":[{"id":310963,"href":"https:\/\/www.caririemacao.com\/1\/wp-json\/wp\/v2\/posts\/310961\/revisions\/310963"}],"wp:featuredmedia":[{"embeddable":true,"href":"https:\/\/www.caririemacao.com\/1\/wp-json\/wp\/v2\/media\/310962"}],"wp:attachment":[{"href":"https:\/\/www.caririemacao.com\/1\/wp-json\/wp\/v2\/media?parent=310961"}],"wp:term":[{"taxonomy":"category","embeddable":true,"href":"https:\/\/www.caririemacao.com\/1\/wp-json\/wp\/v2\/categories?post=310961"},{"taxonomy":"post_tag","embeddable":true,"href":"https:\/\/www.caririemacao.com\/1\/wp-json\/wp\/v2\/tags?post=310961"}],"curies":[{"name":"wp","href":"https:\/\/api.w.org\/{rel}","templated":true}]}}