{"id":310967,"date":"2026-03-10T09:11:54","date_gmt":"2026-03-10T12:11:54","guid":{"rendered":"https:\/\/www.caririemacao.com\/1\/?p=310967"},"modified":"2026-03-10T09:11:54","modified_gmt":"2026-03-10T12:11:54","slug":"cantor-alysson-natural-do-congo-e-anunciado-como-novo-vocalista-da-banda-garota-safada","status":"publish","type":"post","link":"https:\/\/www.caririemacao.com\/1\/2026\/03\/10\/cantor-alysson-natural-do-congo-e-anunciado-como-novo-vocalista-da-banda-garota-safada\/","title":{"rendered":"Cantor Alysson, natural do Congo, \u00e9 anunciado como novo vocalista da banda Garota Safada"},"content":{"rendered":"<p data-start=\"94\" data-end=\"309\">O cantor Alysson, natural do munic\u00edpio do Congo, no Cariri paraibano, foi anunciado oficialmente como o mais novo integrante da banda Garota Safada, uma das mais conhecidas do cen\u00e1rio do forr\u00f3 no Brasil.<\/p>\n<p data-start=\"311\" data-end=\"505\">O an\u00fancio foi feito nas redes sociais da banda, destacando a chegada do artista para somar talento, energia e uma nova voz ao grupo que j\u00e1 marcou gera\u00e7\u00f5es com sucessos e grandes shows pelo pa\u00eds.<\/p>\n<p data-start=\"507\" data-end=\"760\">\u201c\u00c9 oficial! A fam\u00edlia Garota Safada acaba de ganhar um novo talento para somar nesse time que j\u00e1 \u00e9 pura hist\u00f3ria e emo\u00e7\u00e3o. Seja muito bem-vindo, Alysson! Chegando para agregar voz, energia e muito talento aos palcos por todo o Brasil\u201d, diz a publica\u00e7\u00e3o.<\/p>\n<p data-start=\"762\" data-end=\"1052\">Ainda segundo a banda, a nova fase promete trazer muitas novidades, m\u00fasicas e apresenta\u00e7\u00f5es marcantes para o p\u00fablico. \u201cQue essa nova fase venha cheia de m\u00fasica boa, shows inesquec\u00edveis e momentos marcantes. Agora \u00e9 s\u00f3 aumentar o som, porque vem muita coisa boa por a\u00ed\u201d, completou o an\u00fancio.<\/p>\n<p data-start=\"1054\" data-end=\"1404\" data-is-last-node=\"\" data-is-only-node=\"\">A chegada de Alysson representa tamb\u00e9m motivo de orgulho para o munic\u00edpio de Congo e toda a regi\u00e3o do Cariri paraibano, que passa a ter um representante em uma das bandas mais tradicionais do forr\u00f3 nacional. A expectativa \u00e9 de que o cantor leve ainda mais visibilidade para sua terra natal e para a cultura nordestina nos palcos de todo o Brasil.<\/p>\n<p data-start=\"1054\" data-end=\"1404\" data-is-last-node=\"\" data-is-only-node=\"\">\n<p data-start=\"1054\" data-end=\"1404\" data-is-last-node=\"\" data-is-only-node=\"\"><strong>CARIRI EM A\u00c7\u00c3O<\/strong><\/p>\n","protected":false},"excerpt":{"rendered":"<p>O cantor Alysson, natural do munic\u00edpio do Congo, no Cariri paraibano, foi anunciado oficialmente como o mais novo integrante da banda Garota Safada, uma das&hellip; <\/p>\n","protected":false},"author":6,"featured_media":310968,"comment_status":"closed","ping_status":"closed","sticky":false,"template":"","format":"standard","meta":{"sfsi_plus_gutenberg_text_before_share":"","sfsi_plus_gutenberg_show_text_before_share":"","sfsi_plus_gutenberg_icon_type":"","sfsi_plus_gutenberg_icon_alignemt":"","sfsi_plus_gutenburg_max_per_row":"","footnotes":""},"categories":[74,50,2],"tags":[],"class_list":["post-310967","post","type-post","status-publish","format-standard","has-post-thumbnail","hentry","category-congo","category-destaque","category-geral"],"_links":{"self":[{"href":"https:\/\/www.caririemacao.com\/1\/wp-json\/wp\/v2\/posts\/310967","targetHints":{"allow":["GET"]}}],"collection":[{"href":"https:\/\/www.caririemacao.com\/1\/wp-json\/wp\/v2\/posts"}],"about":[{"href":"https:\/\/www.caririemacao.com\/1\/wp-json\/wp\/v2\/types\/post"}],"author":[{"embeddable":true,"href":"https:\/\/www.caririemacao.com\/1\/wp-json\/wp\/v2\/users\/6"}],"replies":[{"embeddable":true,"href":"https:\/\/www.caririemacao.com\/1\/wp-json\/wp\/v2\/comments?post=310967"}],"version-history":[{"count":1,"href":"https:\/\/www.caririemacao.com\/1\/wp-json\/wp\/v2\/posts\/310967\/revisions"}],"predecessor-version":[{"id":310969,"href":"https:\/\/www.caririemacao.com\/1\/wp-json\/wp\/v2\/posts\/310967\/revisions\/310969"}],"wp:featuredmedia":[{"embeddable":true,"href":"https:\/\/www.caririemacao.com\/1\/wp-json\/wp\/v2\/media\/310968"}],"wp:attachment":[{"href":"https:\/\/www.caririemacao.com\/1\/wp-json\/wp\/v2\/media?parent=310967"}],"wp:term":[{"taxonomy":"category","embeddable":true,"href":"https:\/\/www.caririemacao.com\/1\/wp-json\/wp\/v2\/categories?post=310967"},{"taxonomy":"post_tag","embeddable":true,"href":"https:\/\/www.caririemacao.com\/1\/wp-json\/wp\/v2\/tags?post=310967"}],"curies":[{"name":"wp","href":"https:\/\/api.w.org\/{rel}","templated":true}]}}