{"id":310973,"date":"2026-03-10T09:20:43","date_gmt":"2026-03-10T12:20:43","guid":{"rendered":"https:\/\/www.caririemacao.com\/1\/?p=310973"},"modified":"2026-03-10T09:20:43","modified_gmt":"2026-03-10T12:20:43","slug":"governador-joao-azevedo-anuncia-investimentos-na-infraestrutura-rodoviaria-para-a-regiao-do-cariri-confira","status":"publish","type":"post","link":"https:\/\/www.caririemacao.com\/1\/2026\/03\/10\/governador-joao-azevedo-anuncia-investimentos-na-infraestrutura-rodoviaria-para-a-regiao-do-cariri-confira\/","title":{"rendered":"Governador Jo\u00e3o Azev\u00eado anuncia investimentos na infraestrutura rodovi\u00e1ria para a regi\u00e3o do Cariri; CONFIRA"},"content":{"rendered":"<p data-start=\"98\" data-end=\"393\">O governador da Para\u00edba, Jo\u00e3o Azev\u00eado, anunciou nesta segunda-feira (9), durante o programa Conversa com o Governador, transmitido em cadeia estadual pela R\u00e1dio Tabajara, novos investimentos em infraestrutura rodovi\u00e1ria que tamb\u00e9m contemplam munic\u00edpios da regi\u00e3o do Cariri paraibano.<\/p>\n<p data-start=\"395\" data-end=\"682\">Entre as obras destacadas para a regi\u00e3o est\u00e3o a PB-196, no trecho que liga Barra de S\u00e3o Miguel a Cara\u00fabas, e a PB-210, rodovia que conecta Sum\u00e9 a S\u00e3o Jo\u00e3o dos Cordeiros, importantes vias para a mobilidade, o escoamento da produ\u00e7\u00e3o e o fortalecimento da economia regional.<\/p>\n<p data-start=\"684\" data-end=\"1083\">Al\u00e9m dessas, o governador tamb\u00e9m mencionou que est\u00e1 em fase de homologa\u00e7\u00e3o de licita\u00e7\u00e3o a PB-202, que liga S\u00e3o Jo\u00e3o do Cariri a Parari, e a PB-194, rodovia que conecta o Distrito de Barreiras, em Cara\u00fabas, ao entroncamento da PB-214, no munic\u00edpio de Congo. As obras s\u00e3o aguardadas h\u00e1 anos pela popula\u00e7\u00e3o e devem melhorar significativamente a integra\u00e7\u00e3o entre os munic\u00edpios do Cariri.<\/p>\n<p data-start=\"1085\" data-end=\"1223\">Ao todo, as rodovias anunciadas somam mais de 100 quil\u00f4metros de extens\u00e3o e representam investimentos superiores a R$ 158 milh\u00f5es.<\/p>\n<p data-start=\"1225\" data-end=\"1501\">No balan\u00e7o geral das a\u00e7\u00f5es, o Governo da Para\u00edba informou que est\u00e1 investindo mais de R$ 570 milh\u00f5es em obras rodovi\u00e1rias, que j\u00e1 foram iniciadas, autorizadas ou est\u00e3o em fase de licita\u00e7\u00e3o, totalizando mais de 332 quil\u00f4metros de estradas em diversas regi\u00f5es do estado.<\/p>\n<p data-start=\"1503\" data-end=\"1603\">Durante o an\u00fancio, Jo\u00e3o Azev\u00eado destacou o ritmo das obras e a capacidade de investimento do Estado.<\/p>\n<p data-start=\"1605\" data-end=\"1885\">\u201cAs estradas est\u00e3o num ritmo muito forte de execu\u00e7\u00e3o. S\u00e3o investimentos importantes que garantem mobilidade, fortalecem a economia e melhoram a vida das pessoas. S\u00e3o mais de R$ 726 milh\u00f5es que o Estado est\u00e1 anunciando em seguran\u00e7a h\u00eddrica e em estradas\u201d, afirmou o governador.<\/p>\n<p data-start=\"1887\" data-end=\"2129\" data-is-last-node=\"\" data-is-only-node=\"\">Os investimentos refor\u00e7am a pol\u00edtica de infraestrutura do Governo do Estado, com impacto direto no desenvolvimento regional e na melhoria das condi\u00e7\u00f5es de tr\u00e1fego em diversas cidades paraibanas, incluindo importantes munic\u00edpios do Cariri.<\/p>\n<p data-start=\"1887\" data-end=\"2129\" data-is-last-node=\"\" data-is-only-node=\"\">\n<p data-start=\"1887\" data-end=\"2129\" data-is-last-node=\"\" data-is-only-node=\"\"><strong>CARIRI EM A\u00c7\u00c3O<\/strong><\/p>\n","protected":false},"excerpt":{"rendered":"<p>O governador da Para\u00edba, Jo\u00e3o Azev\u00eado, anunciou nesta segunda-feira (9), durante o programa Conversa com o Governador, transmitido em cadeia estadual pela R\u00e1dio Tabajara, novos&hellip; <\/p>\n","protected":false},"author":6,"featured_media":308735,"comment_status":"closed","ping_status":"closed","sticky":false,"template":"","format":"standard","meta":{"sfsi_plus_gutenberg_text_before_share":"","sfsi_plus_gutenberg_show_text_before_share":"","sfsi_plus_gutenberg_icon_type":"","sfsi_plus_gutenberg_icon_alignemt":"","sfsi_plus_gutenburg_max_per_row":"","footnotes":""},"categories":[106,50,2],"tags":[],"class_list":["post-310973","post","type-post","status-publish","format-standard","has-post-thumbnail","hentry","category-cariri","category-destaque","category-geral"],"_links":{"self":[{"href":"https:\/\/www.caririemacao.com\/1\/wp-json\/wp\/v2\/posts\/310973","targetHints":{"allow":["GET"]}}],"collection":[{"href":"https:\/\/www.caririemacao.com\/1\/wp-json\/wp\/v2\/posts"}],"about":[{"href":"https:\/\/www.caririemacao.com\/1\/wp-json\/wp\/v2\/types\/post"}],"author":[{"embeddable":true,"href":"https:\/\/www.caririemacao.com\/1\/wp-json\/wp\/v2\/users\/6"}],"replies":[{"embeddable":true,"href":"https:\/\/www.caririemacao.com\/1\/wp-json\/wp\/v2\/comments?post=310973"}],"version-history":[{"count":1,"href":"https:\/\/www.caririemacao.com\/1\/wp-json\/wp\/v2\/posts\/310973\/revisions"}],"predecessor-version":[{"id":310974,"href":"https:\/\/www.caririemacao.com\/1\/wp-json\/wp\/v2\/posts\/310973\/revisions\/310974"}],"wp:featuredmedia":[{"embeddable":true,"href":"https:\/\/www.caririemacao.com\/1\/wp-json\/wp\/v2\/media\/308735"}],"wp:attachment":[{"href":"https:\/\/www.caririemacao.com\/1\/wp-json\/wp\/v2\/media?parent=310973"}],"wp:term":[{"taxonomy":"category","embeddable":true,"href":"https:\/\/www.caririemacao.com\/1\/wp-json\/wp\/v2\/categories?post=310973"},{"taxonomy":"post_tag","embeddable":true,"href":"https:\/\/www.caririemacao.com\/1\/wp-json\/wp\/v2\/tags?post=310973"}],"curies":[{"name":"wp","href":"https:\/\/api.w.org\/{rel}","templated":true}]}}