{"id":310975,"date":"2026-03-10T09:22:12","date_gmt":"2026-03-10T12:22:12","guid":{"rendered":"https:\/\/www.caririemacao.com\/1\/?p=310975"},"modified":"2026-03-10T09:22:12","modified_gmt":"2026-03-10T12:22:12","slug":"governo-federal-reconhece-situacao-de-emergencia-em-monteiro-e-coxixola","status":"publish","type":"post","link":"https:\/\/www.caririemacao.com\/1\/2026\/03\/10\/governo-federal-reconhece-situacao-de-emergencia-em-monteiro-e-coxixola\/","title":{"rendered":"Governo federal reconhece situa\u00e7\u00e3o de emerg\u00eancia em Monteiro e Coxixola"},"content":{"rendered":"<p>O Governo Federal reconheceu situa\u00e7\u00e3o de emerg\u00eancia nas cidades de Monteiro e Coxixola, no Cariri paraibano, por causa da estiagem.<\/p>\n<p>O reconhecimento foi publicado em portaria no Di\u00e1rio Oficial da Uni\u00e3o nesta ter\u00e7a-feira (10).<\/p>\n<p>Com o reconhecimento de emerg\u00eancia, as prefeituras podem solicitar recursos do Governo Federal para a\u00e7\u00f5es de defesa civil, como compra de cestas b\u00e1sicas, \u00e1gua mineral, refei\u00e7\u00e3o para trabalhadores e volunt\u00e1rios, kits de limpeza de resid\u00eancia, higiene pessoal e dormit\u00f3rio, entre outros.<\/p>\n<p>At\u00e9 o momento, a Para\u00edba tem 123 reconhecimentos vigentes por estiagem.<\/p>\n","protected":false},"excerpt":{"rendered":"<p>O Governo Federal reconheceu situa\u00e7\u00e3o de emerg\u00eancia nas cidades de Monteiro e Coxixola, no Cariri paraibano, por causa da estiagem. O reconhecimento foi publicado em&hellip; <\/p>\n","protected":false},"author":6,"featured_media":302839,"comment_status":"closed","ping_status":"closed","sticky":false,"template":"","format":"standard","meta":{"sfsi_plus_gutenberg_text_before_share":"","sfsi_plus_gutenberg_show_text_before_share":"","sfsi_plus_gutenberg_icon_type":"","sfsi_plus_gutenberg_icon_alignemt":"","sfsi_plus_gutenburg_max_per_row":"","footnotes":""},"categories":[106,50,2],"tags":[],"class_list":["post-310975","post","type-post","status-publish","format-standard","has-post-thumbnail","hentry","category-cariri","category-destaque","category-geral"],"_links":{"self":[{"href":"https:\/\/www.caririemacao.com\/1\/wp-json\/wp\/v2\/posts\/310975","targetHints":{"allow":["GET"]}}],"collection":[{"href":"https:\/\/www.caririemacao.com\/1\/wp-json\/wp\/v2\/posts"}],"about":[{"href":"https:\/\/www.caririemacao.com\/1\/wp-json\/wp\/v2\/types\/post"}],"author":[{"embeddable":true,"href":"https:\/\/www.caririemacao.com\/1\/wp-json\/wp\/v2\/users\/6"}],"replies":[{"embeddable":true,"href":"https:\/\/www.caririemacao.com\/1\/wp-json\/wp\/v2\/comments?post=310975"}],"version-history":[{"count":1,"href":"https:\/\/www.caririemacao.com\/1\/wp-json\/wp\/v2\/posts\/310975\/revisions"}],"predecessor-version":[{"id":310976,"href":"https:\/\/www.caririemacao.com\/1\/wp-json\/wp\/v2\/posts\/310975\/revisions\/310976"}],"wp:featuredmedia":[{"embeddable":true,"href":"https:\/\/www.caririemacao.com\/1\/wp-json\/wp\/v2\/media\/302839"}],"wp:attachment":[{"href":"https:\/\/www.caririemacao.com\/1\/wp-json\/wp\/v2\/media?parent=310975"}],"wp:term":[{"taxonomy":"category","embeddable":true,"href":"https:\/\/www.caririemacao.com\/1\/wp-json\/wp\/v2\/categories?post=310975"},{"taxonomy":"post_tag","embeddable":true,"href":"https:\/\/www.caririemacao.com\/1\/wp-json\/wp\/v2\/tags?post=310975"}],"curies":[{"name":"wp","href":"https:\/\/api.w.org\/{rel}","templated":true}]}}