{"id":310977,"date":"2026-03-10T09:27:58","date_gmt":"2026-03-10T12:27:58","guid":{"rendered":"https:\/\/www.caririemacao.com\/1\/?p=310977"},"modified":"2026-03-10T09:27:58","modified_gmt":"2026-03-10T12:27:58","slug":"cida-ramos-nega-indicacao-do-pt-na-gestao-de-cicero-e-minimiza-apoio-do-pv-ao-prefeito-mas-sobre-o-ato-dele-so-ele-pode-responder","status":"publish","type":"post","link":"https:\/\/www.caririemacao.com\/1\/2026\/03\/10\/cida-ramos-nega-indicacao-do-pt-na-gestao-de-cicero-e-minimiza-apoio-do-pv-ao-prefeito-mas-sobre-o-ato-dele-so-ele-pode-responder\/","title":{"rendered":"Cida Ramos nega indica\u00e7\u00e3o do PT na gest\u00e3o de C\u00edcero e minimiza apoio do PV ao prefeito: \u201cmas sobre o ato dele, s\u00f3 ele pode responder\u201d"},"content":{"rendered":"<p data-start=\"0\" data-end=\"414\">A deputada estadual\u00a0<span class=\"hover:entity-accent entity-underline inline cursor-pointer align-baseline\"><span class=\"whitespace-normal\">Cida Ramos<\/span><\/span>, presidente do\u00a0<span class=\"hover:entity-accent entity-underline inline cursor-pointer align-baseline\"><span class=\"whitespace-normal\">Partido dos Trabalhadores<\/span><\/span>\u00a0na Para\u00edba, negou que o partido tenha feito indica\u00e7\u00f5es para cargos na gest\u00e3o do prefeito de\u00a0<span class=\"hover:entity-accent entity-underline inline cursor-pointer align-baseline\"><span class=\"whitespace-normal\">Jo\u00e3o Pessoa<\/span><\/span>,\u00a0<span class=\"hover:entity-accent entity-underline inline cursor-pointer align-baseline\"><span class=\"whitespace-normal\">C\u00edcero Lucena<\/span><\/span>. A declara\u00e7\u00e3o foi dada durante entrevista ao programa \u00d4 Para\u00edba Boa, da\u00a0<span class=\"hover:entity-accent entity-underline inline cursor-pointer align-baseline\"><span class=\"whitespace-normal\">R\u00e1dio 100.5 FM<\/span><\/span>, nesta ter\u00e7a feira (10).<\/p>\n<p data-start=\"416\" data-end=\"737\">A fala ocorre ap\u00f3s a nomea\u00e7\u00e3o de\u00a0<span class=\"hover:entity-accent entity-underline inline cursor-pointer align-baseline\"><span class=\"whitespace-normal\">Gilvanildo Pereira dos Anjos<\/span><\/span>\u00a0para o cargo de secret\u00e1rio executivo de Participa\u00e7\u00e3o Popular da Secretaria de Gest\u00e3o Governamental. Gilvanildo atuava no gabinete da deputada e foi secret\u00e1rio do Or\u00e7amento Democr\u00e1tico no governo do ex governador\u00a0<span class=\"hover:entity-accent entity-underline inline cursor-pointer align-baseline\"><span class=\"whitespace-normal\">Ricardo Coutinho<\/span><\/span>.<\/p>\n<p data-start=\"739\" data-end=\"941\">\u201cQuero deixar claro que o PT n\u00e3o nomeou ningu\u00e9m, muito menos eu. Ele \u00e9 algu\u00e9m que tem experi\u00eancia pol\u00edtica, j\u00e1 foi secret\u00e1rio, mas n\u00e3o tem nada a ver comigo ou com o PT\u201d, afirmou ao comentar a nomea\u00e7\u00e3o.<\/p>\n<p data-start=\"943\" data-end=\"1088\">A parlamentar tamb\u00e9m disse que n\u00e3o houve demiss\u00f5es de pessoas ligadas a ela e ressaltou que a escolha \u00e9 uma decis\u00e3o administrativa da Prefeitura.<\/p>\n<p data-start=\"1090\" data-end=\"1369\">\u201cN\u00e3o houve nenhuma demiss\u00e3o de aliado meu. Gilvanildo j\u00e1 trabalhou no meu gabinete, mas faz algum tempo que pediu exonera\u00e7\u00e3o. Ele foi secret\u00e1rio do Or\u00e7amento Democr\u00e1tico no governo de Ricardo e foi nomeado pelo prefeito, que tem todo o direito de escolher quem quiser\u201d, declarou.<\/p>\n<p data-start=\"1371\" data-end=\"1624\">A deputada acrescentou que a decis\u00e3o de aceitar cargos na gest\u00e3o municipal \u00e9 de car\u00e1ter pessoal. \u201cIsso n\u00e3o tem nada a ver com o Partido dos Trabalhadores. \u00c9 um ato de foro pessoal, diz respeito \u00e0 vida dele, n\u00e3o tem rela\u00e7\u00e3o comigo ou com o PT\u201d, concluiu.<\/p>\n<p data-start=\"1626\" data-end=\"1945\">Durante a entrevista, Cida Ramos tamb\u00e9m comentou a nomea\u00e7\u00e3o do presidente estadual do\u00a0<span class=\"hover:entity-accent entity-underline inline cursor-pointer align-baseline\"><span class=\"whitespace-normal\">Partido Verde<\/span><\/span>,\u00a0<span class=\"hover:entity-accent entity-underline inline cursor-pointer align-baseline\"><span class=\"whitespace-normal\">Sargento D\u00eanis<\/span><\/span>, para um cargo na administra\u00e7\u00e3o municipal e o an\u00fancio de apoio do PV \u00e0 pr\u00e9 candidatura de C\u00edcero Lucena ao governo da\u00a0<span class=\"hover:entity-accent entity-underline inline cursor-pointer align-baseline\"><span class=\"whitespace-normal\">Para\u00edba<\/span><\/span>.<\/p>\n<p data-start=\"1947\" data-end=\"2276\">Segundo ela, a posi\u00e7\u00e3o do dirigente partid\u00e1rio n\u00e3o representa automaticamente uma decis\u00e3o conjunta da federa\u00e7\u00e3o formada por PT, PV e\u00a0<span class=\"hover:entity-accent entity-underline inline cursor-pointer align-baseline\"><span class=\"whitespace-normal\">Partido Comunista do Brasil<\/span><\/span>. \u201cO Sargento D\u00eanis \u00e9 presidente de um partido que est\u00e1 na federa\u00e7\u00e3o, mas sobre o ato dele, s\u00f3 ele pode responder. Eu n\u00e3o tenho como falar por ele\u201d, afirmou.<\/p>\n<p data-start=\"2278\" data-end=\"2462\" data-is-last-node=\"\" data-is-only-node=\"\">Cida Ramos refor\u00e7ou ainda que o PT segue em processo de di\u00e1logo interno sobre alian\u00e7as para as elei\u00e7\u00f5es de 2026 e que qualquer defini\u00e7\u00e3o ser\u00e1 tomada pelo diret\u00f3rio estadual da legenda.<\/p>\n<p data-start=\"2278\" data-end=\"2462\" data-is-last-node=\"\" data-is-only-node=\"\">\n<p data-start=\"2278\" data-end=\"2462\" data-is-last-node=\"\" data-is-only-node=\"\">Fonte83<\/p>\n","protected":false},"excerpt":{"rendered":"<p>A deputada estadual\u00a0Cida Ramos, presidente do\u00a0Partido dos Trabalhadores\u00a0na Para\u00edba, negou que o partido tenha feito indica\u00e7\u00f5es para cargos na gest\u00e3o do prefeito de\u00a0Jo\u00e3o Pessoa,\u00a0C\u00edcero Lucena.&hellip; <\/p>\n","protected":false},"author":6,"featured_media":310978,"comment_status":"closed","ping_status":"closed","sticky":false,"template":"","format":"standard","meta":{"sfsi_plus_gutenberg_text_before_share":"","sfsi_plus_gutenberg_show_text_before_share":"","sfsi_plus_gutenberg_icon_type":"","sfsi_plus_gutenberg_icon_alignemt":"","sfsi_plus_gutenburg_max_per_row":"","footnotes":""},"categories":[50,2,104,11],"tags":[],"class_list":["post-310977","post","type-post","status-publish","format-standard","has-post-thumbnail","hentry","category-destaque","category-geral","category-paraiba","category-politica"],"_links":{"self":[{"href":"https:\/\/www.caririemacao.com\/1\/wp-json\/wp\/v2\/posts\/310977","targetHints":{"allow":["GET"]}}],"collection":[{"href":"https:\/\/www.caririemacao.com\/1\/wp-json\/wp\/v2\/posts"}],"about":[{"href":"https:\/\/www.caririemacao.com\/1\/wp-json\/wp\/v2\/types\/post"}],"author":[{"embeddable":true,"href":"https:\/\/www.caririemacao.com\/1\/wp-json\/wp\/v2\/users\/6"}],"replies":[{"embeddable":true,"href":"https:\/\/www.caririemacao.com\/1\/wp-json\/wp\/v2\/comments?post=310977"}],"version-history":[{"count":1,"href":"https:\/\/www.caririemacao.com\/1\/wp-json\/wp\/v2\/posts\/310977\/revisions"}],"predecessor-version":[{"id":310979,"href":"https:\/\/www.caririemacao.com\/1\/wp-json\/wp\/v2\/posts\/310977\/revisions\/310979"}],"wp:featuredmedia":[{"embeddable":true,"href":"https:\/\/www.caririemacao.com\/1\/wp-json\/wp\/v2\/media\/310978"}],"wp:attachment":[{"href":"https:\/\/www.caririemacao.com\/1\/wp-json\/wp\/v2\/media?parent=310977"}],"wp:term":[{"taxonomy":"category","embeddable":true,"href":"https:\/\/www.caririemacao.com\/1\/wp-json\/wp\/v2\/categories?post=310977"},{"taxonomy":"post_tag","embeddable":true,"href":"https:\/\/www.caririemacao.com\/1\/wp-json\/wp\/v2\/tags?post=310977"}],"curies":[{"name":"wp","href":"https:\/\/api.w.org\/{rel}","templated":true}]}}