{"id":310980,"date":"2026-03-10T12:49:09","date_gmt":"2026-03-10T15:49:09","guid":{"rendered":"https:\/\/www.caririemacao.com\/1\/?p=310980"},"modified":"2026-03-10T12:49:09","modified_gmt":"2026-03-10T15:49:09","slug":"prefeito-felicio-queiroz-anuncia-r-500-mil-para-custeio-da-saude-e-nova-van-para-sao-jose-dos-cordeiros","status":"publish","type":"post","link":"https:\/\/www.caririemacao.com\/1\/2026\/03\/10\/prefeito-felicio-queiroz-anuncia-r-500-mil-para-custeio-da-saude-e-nova-van-para-sao-jose-dos-cordeiros\/","title":{"rendered":"Prefeito Fel\u00edcio Queiroz anuncia R$ 500 mil para custeio da sa\u00fade e nova van para S\u00e3o Jos\u00e9 dos Cordeiros"},"content":{"rendered":"<p>O prefeito de S\u00e3o Jos\u00e9 dos Cordeiros, Fel\u00edcio Queiroz, anunciou a conquista de novos investimentos voltados para a \u00e1rea da sa\u00fade no munic\u00edpio.<\/p>\n<p>De acordo com o gestor, com o apoio do senador Veneziano Vital do R\u00eago, foi garantida a destina\u00e7\u00e3o de R$ 500 mil para o custeio do PAP (Piso da Aten\u00e7\u00e3o Prim\u00e1ria), recurso que ser\u00e1 utilizado para fortalecer os servi\u00e7os de sa\u00fade oferecidos \u00e0 popula\u00e7\u00e3o cordeirense.<\/p>\n<p>Al\u00e9m do custeio, o munic\u00edpio tamb\u00e9m foi contemplado com uma van no valor de R$ 355 mil, que dever\u00e1 refor\u00e7ar a estrutura de transporte da sa\u00fade e ampliar o atendimento aos pacientes.<\/p>\n<p>Segundo o prefeito Fel\u00edcio Queiroz, as conquistas s\u00e3o fruto de parcerias e articula\u00e7\u00f5es em busca de melhorias para o munic\u00edpio.<\/p>\n<p>\u201cMais uma grande conquista para nossa gente. Com o apoio do senador Veneziano Vital do R\u00eago garantimos esses importantes recursos para a sa\u00fade, al\u00e9m de uma van que ir\u00e1 ampliar o atendimento e melhorar ainda mais os servi\u00e7os oferecidos \u00e0 nossa popula\u00e7\u00e3o\u201d, destacou o gestor.<\/p>\n<p>O prefeito tamb\u00e9m refor\u00e7ou que a gest\u00e3o municipal segue trabalhando para garantir novos investimentos e avan\u00e7os para S\u00e3o Jos\u00e9 dos Cordeiros, especialmente em \u00e1reas essenciais como a sa\u00fade p\u00fablica<\/p>\n<p>Assessoria<\/p>\n","protected":false},"excerpt":{"rendered":"<p>O prefeito de S\u00e3o Jos\u00e9 dos Cordeiros, Fel\u00edcio Queiroz, anunciou a conquista de novos investimentos voltados para a \u00e1rea da sa\u00fade no munic\u00edpio. De acordo&hellip; <\/p>\n","protected":false},"author":6,"featured_media":310981,"comment_status":"closed","ping_status":"closed","sticky":false,"template":"","format":"standard","meta":{"sfsi_plus_gutenberg_text_before_share":"","sfsi_plus_gutenberg_show_text_before_share":"","sfsi_plus_gutenberg_icon_type":"","sfsi_plus_gutenberg_icon_alignemt":"","sfsi_plus_gutenburg_max_per_row":"","footnotes":""},"categories":[50,2,91],"tags":[],"class_list":["post-310980","post","type-post","status-publish","format-standard","has-post-thumbnail","hentry","category-destaque","category-geral","category-sao-jose-dos-cordeiros"],"_links":{"self":[{"href":"https:\/\/www.caririemacao.com\/1\/wp-json\/wp\/v2\/posts\/310980","targetHints":{"allow":["GET"]}}],"collection":[{"href":"https:\/\/www.caririemacao.com\/1\/wp-json\/wp\/v2\/posts"}],"about":[{"href":"https:\/\/www.caririemacao.com\/1\/wp-json\/wp\/v2\/types\/post"}],"author":[{"embeddable":true,"href":"https:\/\/www.caririemacao.com\/1\/wp-json\/wp\/v2\/users\/6"}],"replies":[{"embeddable":true,"href":"https:\/\/www.caririemacao.com\/1\/wp-json\/wp\/v2\/comments?post=310980"}],"version-history":[{"count":1,"href":"https:\/\/www.caririemacao.com\/1\/wp-json\/wp\/v2\/posts\/310980\/revisions"}],"predecessor-version":[{"id":310982,"href":"https:\/\/www.caririemacao.com\/1\/wp-json\/wp\/v2\/posts\/310980\/revisions\/310982"}],"wp:featuredmedia":[{"embeddable":true,"href":"https:\/\/www.caririemacao.com\/1\/wp-json\/wp\/v2\/media\/310981"}],"wp:attachment":[{"href":"https:\/\/www.caririemacao.com\/1\/wp-json\/wp\/v2\/media?parent=310980"}],"wp:term":[{"taxonomy":"category","embeddable":true,"href":"https:\/\/www.caririemacao.com\/1\/wp-json\/wp\/v2\/categories?post=310980"},{"taxonomy":"post_tag","embeddable":true,"href":"https:\/\/www.caririemacao.com\/1\/wp-json\/wp\/v2\/tags?post=310980"}],"curies":[{"name":"wp","href":"https:\/\/api.w.org\/{rel}","templated":true}]}}