{"id":310983,"date":"2026-03-10T12:50:50","date_gmt":"2026-03-10T15:50:50","guid":{"rendered":"https:\/\/www.caririemacao.com\/1\/?p=310983"},"modified":"2026-03-10T12:50:50","modified_gmt":"2026-03-10T15:50:50","slug":"prefeitura-de-boa-vista-promove-palestra-especial-em-comemoracao-ao-mes-das-mulheres","status":"publish","type":"post","link":"https:\/\/www.caririemacao.com\/1\/2026\/03\/10\/prefeitura-de-boa-vista-promove-palestra-especial-em-comemoracao-ao-mes-das-mulheres\/","title":{"rendered":"Prefeitura de Boa Vista promove palestra especial em comemora\u00e7\u00e3o ao M\u00eas das Mulheres"},"content":{"rendered":"<div class=\"elementor-element elementor-element-e2d3c25 elementor-widget elementor-widget-theme-post-content\" data-id=\"e2d3c25\" data-element_type=\"widget\" data-e-type=\"widget\" data-widget_type=\"theme-post-content.default\">\n<div class=\"elementor-widget-container\">\n<p>A Prefeitura Municipal de Boa Vista realizar\u00e1, na pr\u00f3xima quinta-feira (12), \u00e0s 18h30, no audit\u00f3rio da C\u00e2mara Municipal, uma programa\u00e7\u00e3o especial em comemora\u00e7\u00e3o ao Dia Internacional da Mulher.<\/p>\n<p>O evento contar\u00e1 com a palestra \u201cO que te desafia te faz evoluir\u201d, ministrada pela palestrante Liz Ara\u00fajo e ser\u00e1 aberto ao p\u00fablico.<\/p>\n<p>A iniciativa tem como objetivo proporcionar um momento de reflex\u00e3o, inspira\u00e7\u00e3o e fortalecimento para as mulheres boavistenses, valorizando suas trajet\u00f3rias, desafios e conquistas na sociedade.<\/p>\n<p>Liz Ara\u00fajo \u00e9 palestrante internacional, escritora, militar e especialista em neuroci\u00eancia do comportamento. Com atua\u00e7\u00e3o na \u00e1rea de desenvolvimento humano e lideran\u00e7a, ela tamb\u00e9m \u00e9 treinadora de soft skills nas \u00e1reas empresarial e gerencial, com foco em alta performance e intelig\u00eancia emocional.<\/p>\n<p>Ao longo de sua carreira, Liz tem se destacado na forma\u00e7\u00e3o de l\u00edderes e no desenvolvimento de estrat\u00e9gias voltadas ao crescimento pessoal e profissional.<\/p>\n<p>Ela \u00e9 fundadora da jornada My Evolution e da mentoria Plano de A\u00e7\u00e3o Execut\u00e1vel, al\u00e9m de CEO da Editora Evolution e coordenadora do projeto Florescer da Autoestima da Mulher, desenvolvido em parceria com o Conselho da Mulher Empreendedora e da Cultura da Para\u00edba (CMEC-PB).<\/p>\n<p>A programa\u00e7\u00e3o integra as a\u00e7\u00f5es da Prefeitura voltadas \u00e0 valoriza\u00e7\u00e3o da mulher, promovendo espa\u00e7os de di\u00e1logo, aprendizado e fortalecimento da autoestima feminina.<\/p>\n<\/div>\n<\/div>\n<div class=\"elementor-element elementor-element-a35bdd4 elementor-widget elementor-widget-heading\" data-id=\"a35bdd4\" data-element_type=\"widget\" data-e-type=\"widget\" data-widget_type=\"heading.default\">\n<div class=\"elementor-widget-container\"><\/div>\n<\/div>\n","protected":false},"excerpt":{"rendered":"<p>A Prefeitura Municipal de Boa Vista realizar\u00e1, na pr\u00f3xima quinta-feira (12), \u00e0s 18h30, no audit\u00f3rio da C\u00e2mara Municipal, uma programa\u00e7\u00e3o especial em comemora\u00e7\u00e3o ao Dia&hellip; <\/p>\n","protected":false},"author":6,"featured_media":310984,"comment_status":"closed","ping_status":"closed","sticky":false,"template":"","format":"standard","meta":{"sfsi_plus_gutenberg_text_before_share":"","sfsi_plus_gutenberg_show_text_before_share":"","sfsi_plus_gutenberg_icon_type":"","sfsi_plus_gutenberg_icon_alignemt":"","sfsi_plus_gutenburg_max_per_row":"","footnotes":""},"categories":[158,50,2],"tags":[],"class_list":["post-310983","post","type-post","status-publish","format-standard","has-post-thumbnail","hentry","category-boa-vista-2","category-destaque","category-geral"],"_links":{"self":[{"href":"https:\/\/www.caririemacao.com\/1\/wp-json\/wp\/v2\/posts\/310983","targetHints":{"allow":["GET"]}}],"collection":[{"href":"https:\/\/www.caririemacao.com\/1\/wp-json\/wp\/v2\/posts"}],"about":[{"href":"https:\/\/www.caririemacao.com\/1\/wp-json\/wp\/v2\/types\/post"}],"author":[{"embeddable":true,"href":"https:\/\/www.caririemacao.com\/1\/wp-json\/wp\/v2\/users\/6"}],"replies":[{"embeddable":true,"href":"https:\/\/www.caririemacao.com\/1\/wp-json\/wp\/v2\/comments?post=310983"}],"version-history":[{"count":1,"href":"https:\/\/www.caririemacao.com\/1\/wp-json\/wp\/v2\/posts\/310983\/revisions"}],"predecessor-version":[{"id":310985,"href":"https:\/\/www.caririemacao.com\/1\/wp-json\/wp\/v2\/posts\/310983\/revisions\/310985"}],"wp:featuredmedia":[{"embeddable":true,"href":"https:\/\/www.caririemacao.com\/1\/wp-json\/wp\/v2\/media\/310984"}],"wp:attachment":[{"href":"https:\/\/www.caririemacao.com\/1\/wp-json\/wp\/v2\/media?parent=310983"}],"wp:term":[{"taxonomy":"category","embeddable":true,"href":"https:\/\/www.caririemacao.com\/1\/wp-json\/wp\/v2\/categories?post=310983"},{"taxonomy":"post_tag","embeddable":true,"href":"https:\/\/www.caririemacao.com\/1\/wp-json\/wp\/v2\/tags?post=310983"}],"curies":[{"name":"wp","href":"https:\/\/api.w.org\/{rel}","templated":true}]}}