{"id":310986,"date":"2026-03-10T12:52:19","date_gmt":"2026-03-10T15:52:19","guid":{"rendered":"https:\/\/www.caririemacao.com\/1\/?p=310986"},"modified":"2026-03-10T12:52:19","modified_gmt":"2026-03-10T15:52:19","slug":"sebrae-realiza-1o-encontro-da-governanca-pacto-novo-cariri-em-monteiro","status":"publish","type":"post","link":"https:\/\/www.caririemacao.com\/1\/2026\/03\/10\/sebrae-realiza-1o-encontro-da-governanca-pacto-novo-cariri-em-monteiro\/","title":{"rendered":"Sebrae realiza 1\u00ba Encontro da Governan\u00e7a Pacto Novo Cariri em Monteiro"},"content":{"rendered":"<p class=\"has-text-align-center\" style=\"text-align: center;\"><em>Evento reuniu representantes de todos os munic\u00edpios do cariri paraibano para apresentar resultados, alinhar metas e planejar novas a\u00e7\u00f5es da Agenda Estrat\u00e9gica 2033<\/em><\/p>\n<p>Representantes de diversos munic\u00edpios do Cariri paraibano participaram, na segunda-feira (9), em Monteiro, do 1\u00ba Encontro da Governan\u00e7a do Pacto Novo Cariri, iniciativa promovida pelo Sebrae\/PB com o objetivo de fortalecer a articula\u00e7\u00e3o regional e acompanhar o cumprimento das metas estabelecidas na Agenda Estrat\u00e9gica 2033. O encontro reuniu gestores p\u00fablicos, lideran\u00e7as e parceiros institucionais para apresentar resultados j\u00e1 alcan\u00e7ados, discutir novos projetos e alinhar estrat\u00e9gias voltadas ao desenvolvimento econ\u00f4mico e tur\u00edstico da regi\u00e3o.<\/p>\n<p>A iniciativa integra o conjunto de a\u00e7\u00f5es de fortalecimento da governan\u00e7a territorial, funcionando como um espa\u00e7o de presta\u00e7\u00e3o de contas das atividades j\u00e1 realizadas e, ao mesmo tempo, de planejamento das pr\u00f3ximas etapas. Durante o encontro, foram apresentadas as metas planejadas dentro da Agenda 2033, al\u00e9m das entregas realizadas pelos munic\u00edpios que fazem parte do pacto.<\/p>\n<p>Segundo a gerente regional do Sebrae\/PB em Monteiro, Madalena Arruda, o encontro representa um momento importante de alinhamento e transpar\u00eancia no processo de desenvolvimento regional.<\/p>\n<p>\u201cEsse encontro da governan\u00e7a \u00e9 fundamental, porque nos permite acompanhar as metas definidas na Agenda Estrat\u00e9gica 2033, apresentar os resultados j\u00e1 alcan\u00e7ados e, principalmente, planejar novas a\u00e7\u00f5es de forma integrada entre os munic\u00edpios. O Pacto Novo Cariri fortalece essa articula\u00e7\u00e3o regional e cria oportunidades para impulsionar o turismo, valorizar nossas potencialidades e promover desenvolvimento sustent\u00e1vel para toda a regi\u00e3o\u201d, destacou.<\/p>\n<p>Entre os temas debatidos na programa\u00e7\u00e3o estiveram o Caf\u00e9 de Neg\u00f3cios, voltado ao desenvolvimento do turismo regional alinhado \u00e0 agenda de desenvolvimento; a discuss\u00e3o sobre turismo regenerativo e sustent\u00e1vel, destacando a import\u00e2ncia da preserva\u00e7\u00e3o da nascente do Rio Para\u00edba; al\u00e9m do resgate do invent\u00e1rio tur\u00edstico, instrumento fundamental para identificar e valorizar os atrativos da regi\u00e3o.<\/p>\n<p>A programa\u00e7\u00e3o tamb\u00e9m incluiu o planejamento de uma visita t\u00e9cnica ao Rio Grande do Norte, com foco na institucionaliza\u00e7\u00e3o do pacto, al\u00e9m da discuss\u00e3o de novas iniciativas estrat\u00e9gicas para impulsionar o turismo regional. Entre elas, est\u00e1 a estrutura\u00e7\u00e3o de rotas tur\u00edsticas que conectem diferentes munic\u00edpios e fortale\u00e7am a identidade cultural e econ\u00f4mica do Cariri.<\/p>\n<p>Outro avan\u00e7o apresentado durante o encontro foi o processo de formaliza\u00e7\u00e3o do comit\u00ea gestor da governan\u00e7a, etapa considerada essencial para garantir a continuidade das a\u00e7\u00f5es, o acompanhamento das metas definidas e o fortalecimento da articula\u00e7\u00e3o entre os munic\u00edpios participantes.<\/p>\n<p>A iniciativa integra o movimento do Pacto Novo Cariri, que busca promover o desenvolvimento regional por meio da coopera\u00e7\u00e3o entre institui\u00e7\u00f5es, gestores p\u00fablicos, empreendedores e lideran\u00e7as locais. A agenda atuar\u00e1 no empreendedorismo, na inova\u00e7\u00e3o, na sustentabilidade e na valoriza\u00e7\u00e3o das potencialidades do territ\u00f3rio.<\/p>\n","protected":false},"excerpt":{"rendered":"<p>Evento reuniu representantes de todos os munic\u00edpios do cariri paraibano para apresentar resultados, alinhar metas e planejar novas a\u00e7\u00f5es da Agenda Estrat\u00e9gica 2033 Representantes de&hellip; <\/p>\n","protected":false},"author":6,"featured_media":310987,"comment_status":"closed","ping_status":"closed","sticky":false,"template":"","format":"standard","meta":{"sfsi_plus_gutenberg_text_before_share":"","sfsi_plus_gutenberg_show_text_before_share":"","sfsi_plus_gutenberg_icon_type":"","sfsi_plus_gutenberg_icon_alignemt":"","sfsi_plus_gutenburg_max_per_row":"","footnotes":""},"categories":[106,50,2],"tags":[],"class_list":["post-310986","post","type-post","status-publish","format-standard","has-post-thumbnail","hentry","category-cariri","category-destaque","category-geral"],"_links":{"self":[{"href":"https:\/\/www.caririemacao.com\/1\/wp-json\/wp\/v2\/posts\/310986","targetHints":{"allow":["GET"]}}],"collection":[{"href":"https:\/\/www.caririemacao.com\/1\/wp-json\/wp\/v2\/posts"}],"about":[{"href":"https:\/\/www.caririemacao.com\/1\/wp-json\/wp\/v2\/types\/post"}],"author":[{"embeddable":true,"href":"https:\/\/www.caririemacao.com\/1\/wp-json\/wp\/v2\/users\/6"}],"replies":[{"embeddable":true,"href":"https:\/\/www.caririemacao.com\/1\/wp-json\/wp\/v2\/comments?post=310986"}],"version-history":[{"count":1,"href":"https:\/\/www.caririemacao.com\/1\/wp-json\/wp\/v2\/posts\/310986\/revisions"}],"predecessor-version":[{"id":310988,"href":"https:\/\/www.caririemacao.com\/1\/wp-json\/wp\/v2\/posts\/310986\/revisions\/310988"}],"wp:featuredmedia":[{"embeddable":true,"href":"https:\/\/www.caririemacao.com\/1\/wp-json\/wp\/v2\/media\/310987"}],"wp:attachment":[{"href":"https:\/\/www.caririemacao.com\/1\/wp-json\/wp\/v2\/media?parent=310986"}],"wp:term":[{"taxonomy":"category","embeddable":true,"href":"https:\/\/www.caririemacao.com\/1\/wp-json\/wp\/v2\/categories?post=310986"},{"taxonomy":"post_tag","embeddable":true,"href":"https:\/\/www.caririemacao.com\/1\/wp-json\/wp\/v2\/tags?post=310986"}],"curies":[{"name":"wp","href":"https:\/\/api.w.org\/{rel}","templated":true}]}}