{"id":310989,"date":"2026-03-10T12:56:23","date_gmt":"2026-03-10T15:56:23","guid":{"rendered":"https:\/\/www.caririemacao.com\/1\/?p=310989"},"modified":"2026-03-10T12:56:23","modified_gmt":"2026-03-10T15:56:23","slug":"prefeito-genival-queiroz-cumpre-agenda-em-joao-pessoa-e-garante-novos-investimentos-para-parari","status":"publish","type":"post","link":"https:\/\/www.caririemacao.com\/1\/2026\/03\/10\/prefeito-genival-queiroz-cumpre-agenda-em-joao-pessoa-e-garante-novos-investimentos-para-parari\/","title":{"rendered":"Prefeito Genival Queiroz cumpre agenda em Jo\u00e3o Pessoa e garante novos investimentos para Parari"},"content":{"rendered":"<p data-start=\"102\" data-end=\"344\">O prefeito de Parari, Genival Queiroz, esteve em Jo\u00e3o Pessoa cumprindo uma agenda administrativa junto a \u00f3rg\u00e3os do Governo da Para\u00edba e anunciou importantes avan\u00e7os que dever\u00e3o resultar em novos investimentos e obras para o munic\u00edpio.<\/p>\n<p data-start=\"346\" data-end=\"669\">Durante reuni\u00e3o com a Companhia de \u00c1gua e Esgotos da Para\u00edba (CAGEPA), o gestor tratou da continuidade do projeto de esgotamento sanit\u00e1rio da cidade, uma iniciativa considerada fundamental para a melhoria da infraestrutura urbana e da qualidade de vida da popula\u00e7\u00e3o. A obra est\u00e1 or\u00e7ada em cerca de R$ 6 milh\u00f5es.<\/p>\n<p data-start=\"671\" data-end=\"1066\">Em outro compromisso, na Secretaria de Estado do Planejamento, Or\u00e7amento e Gest\u00e3o (SEPLAG-PB), o prefeito confirmou a libera\u00e7\u00e3o de R$ 1,3 milh\u00e3o destinados \u00e0 constru\u00e7\u00e3o de um novo Mercado P\u00fablico no munic\u00edpio. O espa\u00e7o dever\u00e1 impulsionar o com\u00e9rcio local e proporcionar melhores condi\u00e7\u00f5es de trabalho para feirantes, al\u00e9m de oferecer mais conforto e organiza\u00e7\u00e3o para os consumidores.<\/p>\n<p data-start=\"1068\" data-end=\"1486\">Genival Queiroz tamb\u00e9m participou de reuni\u00e3o com o secret\u00e1rio estadual de Infraestrutura e Recursos H\u00eddricos, Deusdete Queiroga, ocasi\u00e3o em que foi discutida a realiza\u00e7\u00e3o de cal\u00e7amento de ruas no novo conjunto habitacional de Parari, por meio de a\u00e7\u00f5es da Companhia Estadual de Habita\u00e7\u00e3o Popular (CEHAP). A medida visa garantir mais mobilidade e melhores condi\u00e7\u00f5es de acesso para os moradores da localidade.<\/p>\n<p data-start=\"1068\" data-end=\"1486\"><img fetchpriority=\"high\" decoding=\"async\" class=\"aligncenter\" src=\"https:\/\/www.paraibamix.com.br\/wp-content\/uploads\/2026\/03\/WhatsApp-Image-2026-03-10-at-09.51.31-1-768x1024.jpeg\" width=\"374\" height=\"499\" \/><\/p>\n<p data-start=\"1488\" data-end=\"1845\">Ainda na capital, o prefeito esteve na sede do Departamento de Estradas de Rodagem da Para\u00edba (DER-PB), onde tratou sobre a assinatura da ordem de servi\u00e7o da estrada que ligar\u00e1 Parari a S\u00e3o Jo\u00e3o do Cariri, uma obra aguardada h\u00e1 muitos anos pela popula\u00e7\u00e3o da regi\u00e3o. Segundo o gestor, a expectativa \u00e9 de que a assinatura aconte\u00e7a ainda neste m\u00eas.<\/p>\n<p data-start=\"1847\" data-end=\"2172\" data-is-last-node=\"\" data-is-only-node=\"\">De acordo com Genival Queiroz, a agenda em Jo\u00e3o Pessoa refor\u00e7a o compromisso da gest\u00e3o municipal em buscar parcerias e garantir recursos que contribuam para o crescimento e o desenvolvimento de Parari. O prefeito destacou que seguir\u00e1 trabalhando para viabilizar novos projetos e melhorar a qualidade de vida da popula\u00e7\u00e3o.<\/p>\n","protected":false},"excerpt":{"rendered":"<p>O prefeito de Parari, Genival Queiroz, esteve em Jo\u00e3o Pessoa cumprindo uma agenda administrativa junto a \u00f3rg\u00e3os do Governo da Para\u00edba e anunciou importantes avan\u00e7os&hellip; <\/p>\n","protected":false},"author":6,"featured_media":310990,"comment_status":"closed","ping_status":"closed","sticky":false,"template":"","format":"standard","meta":{"sfsi_plus_gutenberg_text_before_share":"","sfsi_plus_gutenberg_show_text_before_share":"","sfsi_plus_gutenberg_icon_type":"","sfsi_plus_gutenberg_icon_alignemt":"","sfsi_plus_gutenburg_max_per_row":"","footnotes":""},"categories":[50,2,83],"tags":[],"class_list":["post-310989","post","type-post","status-publish","format-standard","has-post-thumbnail","hentry","category-destaque","category-geral","category-parari"],"_links":{"self":[{"href":"https:\/\/www.caririemacao.com\/1\/wp-json\/wp\/v2\/posts\/310989","targetHints":{"allow":["GET"]}}],"collection":[{"href":"https:\/\/www.caririemacao.com\/1\/wp-json\/wp\/v2\/posts"}],"about":[{"href":"https:\/\/www.caririemacao.com\/1\/wp-json\/wp\/v2\/types\/post"}],"author":[{"embeddable":true,"href":"https:\/\/www.caririemacao.com\/1\/wp-json\/wp\/v2\/users\/6"}],"replies":[{"embeddable":true,"href":"https:\/\/www.caririemacao.com\/1\/wp-json\/wp\/v2\/comments?post=310989"}],"version-history":[{"count":1,"href":"https:\/\/www.caririemacao.com\/1\/wp-json\/wp\/v2\/posts\/310989\/revisions"}],"predecessor-version":[{"id":310991,"href":"https:\/\/www.caririemacao.com\/1\/wp-json\/wp\/v2\/posts\/310989\/revisions\/310991"}],"wp:featuredmedia":[{"embeddable":true,"href":"https:\/\/www.caririemacao.com\/1\/wp-json\/wp\/v2\/media\/310990"}],"wp:attachment":[{"href":"https:\/\/www.caririemacao.com\/1\/wp-json\/wp\/v2\/media?parent=310989"}],"wp:term":[{"taxonomy":"category","embeddable":true,"href":"https:\/\/www.caririemacao.com\/1\/wp-json\/wp\/v2\/categories?post=310989"},{"taxonomy":"post_tag","embeddable":true,"href":"https:\/\/www.caririemacao.com\/1\/wp-json\/wp\/v2\/tags?post=310989"}],"curies":[{"name":"wp","href":"https:\/\/api.w.org\/{rel}","templated":true}]}}