{"id":310992,"date":"2026-03-10T15:45:10","date_gmt":"2026-03-10T18:45:10","guid":{"rendered":"https:\/\/www.caririemacao.com\/1\/?p=310992"},"modified":"2026-03-10T15:45:10","modified_gmt":"2026-03-10T18:45:10","slug":"em-sessao-prestigiada-assembleia-aprova-indicacao-de-deusdete-e-taciano-como-conselheiros-do-tce-pb","status":"publish","type":"post","link":"https:\/\/www.caririemacao.com\/1\/2026\/03\/10\/em-sessao-prestigiada-assembleia-aprova-indicacao-de-deusdete-e-taciano-como-conselheiros-do-tce-pb\/","title":{"rendered":"Em sess\u00e3o prestigiada, Assembleia aprova indica\u00e7\u00e3o de Deusdete e Taciano como conselheiros do TCE-PB"},"content":{"rendered":"<p>A\u00a0Assembleia Legislativa da Para\u00edba\u00a0(ALPB) aprovou, na manh\u00e3 desta ter\u00e7a-feira (10), as indica\u00e7\u00f5es do secret\u00e1rio\u00a0Deusdete Queiroga\u00a0e do deputado\u00a0Taciano Diniz\u00a0(Uni\u00e3o) para o cargo de conselheiro do\u00a0Tribunal de Contas do Estado da Para\u00edba\u00a0(TCE-PB).<\/p>\n<p>As indica\u00e7\u00f5es foram votadas pelo plen\u00e1rio durante a sess\u00e3o desta ter\u00e7a-feira. Taciano Diniz se inscreveu para ocupar a vaga deixada pelo conselheiro aposentado\u00a0Fernando Cat\u00e3o. J\u00e1 Deusdete Queiroga foi indicado para a cadeira que era ocupada por\u00a0Nominando Diniz.<\/p>\n<p>Os processos tiveram como relatores os deputados\u00a0Jo\u00e3o Gon\u00e7alves\u00a0(PSB), no caso de Queiroga, e\u00a0Felipe Leit\u00e3o\u00a0(Republicanos), no caso de Taciano Diniz.<\/p>\n<p><strong>Como a escolha acontece?<\/strong><\/p>\n<p>O processo come\u00e7a com a indica\u00e7\u00e3o dos candidatos pelos \u00f3rg\u00e3os competentes, o Governo do Estado ou a pr\u00f3pria Assembleia Legislativa, dependendo da vaga. Em seguida, os nomes s\u00e3o analisados pela\u00a0Comiss\u00e3o de Constitui\u00e7\u00e3o e Justi\u00e7a da Assembleia Legislativa da Para\u00edba\u00a0(CCJ), respons\u00e1vel por verificar se os indicados atendem aos requisitos legais para ocupar o cargo no Tribunal de Contas.<\/p>\n<p>Ap\u00f3s a an\u00e1lise da comiss\u00e3o, as indica\u00e7\u00f5es seguem para vota\u00e7\u00e3o no plen\u00e1rio da Assembleia. Caso sejam aprovadas pelos deputados, o governador realiza a nomea\u00e7\u00e3o oficial, e o Tribunal de Contas do Estado fica respons\u00e1vel por dar posse aos novos conselheiros.<\/p>\n<p><strong>Deusdete Queiroga\u00a0<\/strong><\/p>\n<p>Atual secret\u00e1rio de Infraestrutura e Recursos H\u00eddricos da Para\u00edba, Deusdete Queiroga \u00e9 engenheiro civil e bacharel em direito. Natural de Sousa, no Sert\u00e3o do Estado, o futuro conselheiro ingressou no servi\u00e7o p\u00fablico no in\u00edcio da d\u00e9cada de 1990, quando foi eleito deputado estadual.<\/p>\n<p>Ao sair da Assembleia, desempenhou fun\u00e7\u00f5es na Companhia Estadual de Habita\u00e7\u00e3o Popular, Cagepa, Prefeitura de Jo\u00e3o Pessoa e Governo do Estado, onde responde pelas obras estruturantes desde abril de 2018.<\/p>\n<p><strong>Taciano Diniz\u00a0<\/strong><\/p>\n<p>Eleito para o primeiro mandato na Assembleia Legislativa da Para\u00edba em 2018, Taciano Diniz \u00e9 formado em medicina. No curr\u00edculo apresentado \u00e0 Mesa Diretora, o deputado afirma que desempenhou fun\u00e7\u00f5es na medicina na rede p\u00fablica de sa\u00fade.<\/p>\n<p>&nbsp;<\/p>\n<p><em>Com MaisPB<\/em><\/p>\n","protected":false},"excerpt":{"rendered":"<p>A\u00a0Assembleia Legislativa da Para\u00edba\u00a0(ALPB) aprovou, na manh\u00e3 desta ter\u00e7a-feira (10), as indica\u00e7\u00f5es do secret\u00e1rio\u00a0Deusdete Queiroga\u00a0e do deputado\u00a0Taciano Diniz\u00a0(Uni\u00e3o) para o cargo de conselheiro do\u00a0Tribunal de&hellip; <\/p>\n","protected":false},"author":6,"featured_media":310993,"comment_status":"closed","ping_status":"closed","sticky":false,"template":"","format":"standard","meta":{"sfsi_plus_gutenberg_text_before_share":"","sfsi_plus_gutenberg_show_text_before_share":"","sfsi_plus_gutenberg_icon_type":"","sfsi_plus_gutenberg_icon_alignemt":"","sfsi_plus_gutenburg_max_per_row":"","footnotes":""},"categories":[50,2,104,11],"tags":[],"class_list":["post-310992","post","type-post","status-publish","format-standard","has-post-thumbnail","hentry","category-destaque","category-geral","category-paraiba","category-politica"],"_links":{"self":[{"href":"https:\/\/www.caririemacao.com\/1\/wp-json\/wp\/v2\/posts\/310992","targetHints":{"allow":["GET"]}}],"collection":[{"href":"https:\/\/www.caririemacao.com\/1\/wp-json\/wp\/v2\/posts"}],"about":[{"href":"https:\/\/www.caririemacao.com\/1\/wp-json\/wp\/v2\/types\/post"}],"author":[{"embeddable":true,"href":"https:\/\/www.caririemacao.com\/1\/wp-json\/wp\/v2\/users\/6"}],"replies":[{"embeddable":true,"href":"https:\/\/www.caririemacao.com\/1\/wp-json\/wp\/v2\/comments?post=310992"}],"version-history":[{"count":1,"href":"https:\/\/www.caririemacao.com\/1\/wp-json\/wp\/v2\/posts\/310992\/revisions"}],"predecessor-version":[{"id":310994,"href":"https:\/\/www.caririemacao.com\/1\/wp-json\/wp\/v2\/posts\/310992\/revisions\/310994"}],"wp:featuredmedia":[{"embeddable":true,"href":"https:\/\/www.caririemacao.com\/1\/wp-json\/wp\/v2\/media\/310993"}],"wp:attachment":[{"href":"https:\/\/www.caririemacao.com\/1\/wp-json\/wp\/v2\/media?parent=310992"}],"wp:term":[{"taxonomy":"category","embeddable":true,"href":"https:\/\/www.caririemacao.com\/1\/wp-json\/wp\/v2\/categories?post=310992"},{"taxonomy":"post_tag","embeddable":true,"href":"https:\/\/www.caririemacao.com\/1\/wp-json\/wp\/v2\/tags?post=310992"}],"curies":[{"name":"wp","href":"https:\/\/api.w.org\/{rel}","templated":true}]}}