{"id":310995,"date":"2026-03-10T15:48:28","date_gmt":"2026-03-10T18:48:28","guid":{"rendered":"https:\/\/www.caririemacao.com\/1\/?p=310995"},"modified":"2026-03-10T15:48:28","modified_gmt":"2026-03-10T18:48:28","slug":"entre-sinais-e-articulacoes-a-possivel-saida-de-dr-romualdo-do-mdb","status":"publish","type":"post","link":"https:\/\/www.caririemacao.com\/1\/2026\/03\/10\/entre-sinais-e-articulacoes-a-possivel-saida-de-dr-romualdo-do-mdb\/","title":{"rendered":"Entre sinais e articula\u00e7\u00f5es: a poss\u00edvel sa\u00edda de Dr. Romualdo do MDB"},"content":{"rendered":"<p>Nos bastidores da pol\u00edtica paraibana, os sinais apontam para uma poss\u00edvel mudan\u00e7a de rota: a sa\u00edda do deputado estadual Dr. Romualdo do MDB e seu prov\u00e1vel ingresso na Federa\u00e7\u00e3o Brasil da Esperan\u00e7a, formada por Partido dos Trabalhadores (PT), Partido Comunista do Brasil (PCdoB) e Partido Verde (PV).<\/p>\n<p>Se confirmada, a movimenta\u00e7\u00e3o n\u00e3o ser\u00e1 mero capricho do calend\u00e1rio pol\u00edtico \u2014 muito menos coincid\u00eancia astrol\u00f3gica. Ser\u00e1, antes de tudo, o desdobramento natural de uma trajet\u00f3ria constru\u00edda dentro da Assembleia Legislativa da Para\u00edba.<\/p>\n<p>Nos \u00faltimos anos, Dr. Romualdo consolidou-se como uma das vozes mais firmes na defesa do governo do presidente Luiz In\u00e1cio Lula da Silva no parlamento estadual. Em momentos de sil\u00eancio ou cautela de muitos, foi ele quem ocupou a tribuna para sustentar o debate p\u00fablico, posicionando-se em defesa da democracia e enfrentando temas espinhosos sem recuar.<\/p>\n<p>No plano estadual, sua atua\u00e7\u00e3o tamb\u00e9m ganhou contornos claros. A oposi\u00e7\u00e3o exercida pelo parlamentar tem sido marcada menos pelo embate vazio e mais pela disputa de agendas estruturantes: o acesso \u00e0 \u00e1gua no semi\u00e1rido, a defesa dos produtores de leite e a aten\u00e7\u00e3o permanente \u00e0s demandas das pequenas cidades do interior \u2014 especialmente aquelas que muitas vezes permanecem fora do radar das grandes decis\u00f5es.<\/p>\n<p>Mas a coer\u00eancia pol\u00edtica do deputado tamb\u00e9m se revelou na capacidade de reconhecer converg\u00eancias quando elas surgem. Dr. Romualdo n\u00e3o hesitou em votar com o governo em mat\u00e9rias consideradas estrat\u00e9gicas para o desenvolvimento da Para\u00edba, como projetos voltados ao financiamento da moradia, aos recursos h\u00eddricos e iniciativas como o PROCASE.<\/p>\n<p>Esse equil\u00edbrio entre firmeza de posi\u00e7\u00e3o e responsabilidade institucional ajudou a moldar um perfil pol\u00edtico que dialoga tanto com a cr\u00edtica quanto com a constru\u00e7\u00e3o. Por isso, caso a migra\u00e7\u00e3o partid\u00e1ria se concretize, n\u00e3o ser\u00e1 apenas uma mudan\u00e7a de sigla. Ser\u00e1 a converg\u00eancia entre trajet\u00f3ria, posicionamento pol\u00edtico e projeto de pa\u00eds.<\/p>\n<p>Mais do que alinhamento de astros, pode ser simplesmente o alinhamento da pr\u00f3pria hist\u00f3ria. No fim das contas, na pol\u00edtica \u2014 como no c\u00e9u do Cariri \u2014 os movimentos mais importantes n\u00e3o acontecem por acaso. Eles seguem \u00f3rbitas que j\u00e1 vinham sendo desenhadas h\u00e1 muito tempo.<\/p>\n<p><strong>CARIRI EM A\u00c7\u00c3O<\/strong><\/p>\n<p><em>Com Blog do Bruno Lira<\/em><\/p>\n","protected":false},"excerpt":{"rendered":"<p>Nos bastidores da pol\u00edtica paraibana, os sinais apontam para uma poss\u00edvel mudan\u00e7a de rota: a sa\u00edda do deputado estadual Dr. Romualdo do MDB e seu&hellip; <\/p>\n","protected":false},"author":6,"featured_media":310996,"comment_status":"closed","ping_status":"closed","sticky":false,"template":"","format":"standard","meta":{"sfsi_plus_gutenberg_text_before_share":"","sfsi_plus_gutenberg_show_text_before_share":"","sfsi_plus_gutenberg_icon_type":"","sfsi_plus_gutenberg_icon_alignemt":"","sfsi_plus_gutenburg_max_per_row":"","footnotes":""},"categories":[106,50,2,11],"tags":[],"class_list":["post-310995","post","type-post","status-publish","format-standard","has-post-thumbnail","hentry","category-cariri","category-destaque","category-geral","category-politica"],"_links":{"self":[{"href":"https:\/\/www.caririemacao.com\/1\/wp-json\/wp\/v2\/posts\/310995","targetHints":{"allow":["GET"]}}],"collection":[{"href":"https:\/\/www.caririemacao.com\/1\/wp-json\/wp\/v2\/posts"}],"about":[{"href":"https:\/\/www.caririemacao.com\/1\/wp-json\/wp\/v2\/types\/post"}],"author":[{"embeddable":true,"href":"https:\/\/www.caririemacao.com\/1\/wp-json\/wp\/v2\/users\/6"}],"replies":[{"embeddable":true,"href":"https:\/\/www.caririemacao.com\/1\/wp-json\/wp\/v2\/comments?post=310995"}],"version-history":[{"count":1,"href":"https:\/\/www.caririemacao.com\/1\/wp-json\/wp\/v2\/posts\/310995\/revisions"}],"predecessor-version":[{"id":310997,"href":"https:\/\/www.caririemacao.com\/1\/wp-json\/wp\/v2\/posts\/310995\/revisions\/310997"}],"wp:featuredmedia":[{"embeddable":true,"href":"https:\/\/www.caririemacao.com\/1\/wp-json\/wp\/v2\/media\/310996"}],"wp:attachment":[{"href":"https:\/\/www.caririemacao.com\/1\/wp-json\/wp\/v2\/media?parent=310995"}],"wp:term":[{"taxonomy":"category","embeddable":true,"href":"https:\/\/www.caririemacao.com\/1\/wp-json\/wp\/v2\/categories?post=310995"},{"taxonomy":"post_tag","embeddable":true,"href":"https:\/\/www.caririemacao.com\/1\/wp-json\/wp\/v2\/tags?post=310995"}],"curies":[{"name":"wp","href":"https:\/\/api.w.org\/{rel}","templated":true}]}}