{"id":311000,"date":"2026-03-10T15:53:29","date_gmt":"2026-03-10T18:53:29","guid":{"rendered":"https:\/\/www.caririemacao.com\/1\/?p=311000"},"modified":"2026-03-10T15:53:29","modified_gmt":"2026-03-10T18:53:29","slug":"asfalto-que-interliga-barra-de-sao-miguel-e-caraubas-vai-sair-do-papel-e-e-comemorado-por-prefeitos-da-regiao","status":"publish","type":"post","link":"https:\/\/www.caririemacao.com\/1\/2026\/03\/10\/asfalto-que-interliga-barra-de-sao-miguel-e-caraubas-vai-sair-do-papel-e-e-comemorado-por-prefeitos-da-regiao\/","title":{"rendered":"Asfalto que interliga Barra de S\u00e3o Miguel e Cara\u00fabas vai sair do papel e \u00e9 comemorado por prefeitos da regi\u00e3o"},"content":{"rendered":"<p>O an\u00fancio feito pelo governador da Para\u00edba, Jo\u00e3o Azev\u00eado, sobre novos investimentos em infraestrutura rodovi\u00e1ria trouxe uma not\u00edcia aguardada h\u00e1 anos pela popula\u00e7\u00e3o do Cariri: o asfaltamento da PB-196, no trecho que interliga os munic\u00edpios de Barra de S\u00e3o Miguel e Cara\u00fabas, dever\u00e1 finalmente sair do papel.<\/p>\n<p>A informa\u00e7\u00e3o foi confirmada nesta segunda-feira (9), durante o programa Conversa com o Governador, transmitido em cadeia estadual pela R\u00e1dio Tabajara. A obra faz parte do pacote de investimentos do Governo do Estado em rodovias e representa um importante avan\u00e7o para a mobilidade e o desenvolvimento da regi\u00e3o.<\/p>\n<p>A pavimenta\u00e7\u00e3o da estrada \u00e9 considerada estrat\u00e9gica, pois ir\u00e1 facilitar o deslocamento entre os munic\u00edpios, al\u00e9m de melhorar o escoamento da produ\u00e7\u00e3o e fortalecer a integra\u00e7\u00e3o econ\u00f4mica entre as cidades do Cariri.<\/p>\n<p>O prefeito de Cara\u00fabas, Nerivan Gari, comemorou o an\u00fancio e destacou a import\u00e2ncia da obra para a popula\u00e7\u00e3o: \u201cEssa \u00e9 uma conquista muito esperada pelo nosso povo. Essa estrada vai facilitar a vida de quem precisa se deslocar diariamente, al\u00e9m de impulsionar o desenvolvimento da nossa regi\u00e3o. Ficamos muito felizes com esse an\u00fancio do Governo do Estado\u201d, afirmou o gestor.<\/p>\n<p>Quem tamb\u00e9m celebrou a confirma\u00e7\u00e3o do projeto foi o prefeito de Barra de S\u00e3o Miguel, Jo\u00e3o Paulo Fran\u00e7a, que ressaltou o impacto positivo que a obra trar\u00e1 para os munic\u00edpios.<\/p>\n<p>\u201cEssa estrada \u00e9 um sonho antigo da popula\u00e7\u00e3o. A pavimenta\u00e7\u00e3o vai garantir mais seguran\u00e7a, mobilidade e desenvolvimento para toda a regi\u00e3o. Agradecemos ao governador Jo\u00e3o Azev\u00eado por olhar com aten\u00e7\u00e3o para o Cariri e atender essa demanda t\u00e3o importante\u201d, destacou.<\/p>\n<p>A expectativa agora \u00e9 que os tr\u00e2mites avancem para que a obra da PB-196, entre Barra de S\u00e3o Miguel e Cara\u00fabas, seja iniciada em breve, atendendo uma reivindica\u00e7\u00e3o hist\u00f3rica da popula\u00e7\u00e3o.<\/p>\n<p>&nbsp;<\/p>\n<p><strong>CARIRI EM A\u00c7\u00c3O\u00a0<\/strong><\/p>\n<p><em>Com Blog do Alisson Nascimento<\/em><\/p>\n","protected":false},"excerpt":{"rendered":"<p>O an\u00fancio feito pelo governador da Para\u00edba, Jo\u00e3o Azev\u00eado, sobre novos investimentos em infraestrutura rodovi\u00e1ria trouxe uma not\u00edcia aguardada h\u00e1 anos pela popula\u00e7\u00e3o do Cariri:&hellip; <\/p>\n","protected":false},"author":6,"featured_media":311001,"comment_status":"closed","ping_status":"closed","sticky":false,"template":"","format":"standard","meta":{"sfsi_plus_gutenberg_text_before_share":"","sfsi_plus_gutenberg_show_text_before_share":"","sfsi_plus_gutenberg_icon_type":"","sfsi_plus_gutenberg_icon_alignemt":"","sfsi_plus_gutenburg_max_per_row":"","footnotes":""},"categories":[144,73,50,2],"tags":[],"class_list":["post-311000","post","type-post","status-publish","format-standard","has-post-thumbnail","hentry","category-barra-de-sao-miguel","category-caraubas","category-destaque","category-geral"],"_links":{"self":[{"href":"https:\/\/www.caririemacao.com\/1\/wp-json\/wp\/v2\/posts\/311000","targetHints":{"allow":["GET"]}}],"collection":[{"href":"https:\/\/www.caririemacao.com\/1\/wp-json\/wp\/v2\/posts"}],"about":[{"href":"https:\/\/www.caririemacao.com\/1\/wp-json\/wp\/v2\/types\/post"}],"author":[{"embeddable":true,"href":"https:\/\/www.caririemacao.com\/1\/wp-json\/wp\/v2\/users\/6"}],"replies":[{"embeddable":true,"href":"https:\/\/www.caririemacao.com\/1\/wp-json\/wp\/v2\/comments?post=311000"}],"version-history":[{"count":1,"href":"https:\/\/www.caririemacao.com\/1\/wp-json\/wp\/v2\/posts\/311000\/revisions"}],"predecessor-version":[{"id":311002,"href":"https:\/\/www.caririemacao.com\/1\/wp-json\/wp\/v2\/posts\/311000\/revisions\/311002"}],"wp:featuredmedia":[{"embeddable":true,"href":"https:\/\/www.caririemacao.com\/1\/wp-json\/wp\/v2\/media\/311001"}],"wp:attachment":[{"href":"https:\/\/www.caririemacao.com\/1\/wp-json\/wp\/v2\/media?parent=311000"}],"wp:term":[{"taxonomy":"category","embeddable":true,"href":"https:\/\/www.caririemacao.com\/1\/wp-json\/wp\/v2\/categories?post=311000"},{"taxonomy":"post_tag","embeddable":true,"href":"https:\/\/www.caririemacao.com\/1\/wp-json\/wp\/v2\/tags?post=311000"}],"curies":[{"name":"wp","href":"https:\/\/api.w.org\/{rel}","templated":true}]}}