{"id":311003,"date":"2026-03-10T20:32:38","date_gmt":"2026-03-10T23:32:38","guid":{"rendered":"https:\/\/www.caririemacao.com\/1\/?p=311003"},"modified":"2026-03-10T20:32:38","modified_gmt":"2026-03-10T23:32:38","slug":"natureza-e-infancia-patos-apresenta-projeto-do-parque-da-infancia-e-realiza-plantio-de-50-mudas","status":"publish","type":"post","link":"https:\/\/www.caririemacao.com\/1\/2026\/03\/10\/natureza-e-infancia-patos-apresenta-projeto-do-parque-da-infancia-e-realiza-plantio-de-50-mudas\/","title":{"rendered":"Natureza e inf\u00e2ncia: Patos apresenta projeto do Parque da Inf\u00e2ncia e realiza plantio de 50 mudas"},"content":{"rendered":"<p>A Prefeitura de Patos realizou o plantio de 50 mudas de \u00e1rvores e apresentou o projeto arquitet\u00f4nico do futuro Parque Municipal da Inf\u00e2ncia, um espa\u00e7o pensado para fortalecer o contato das crian\u00e7as com a natureza e incentivar o brincar ao ar livre no munic\u00edpio.<\/p>\n<p>A iniciativa \u00e9 mais uma a\u00e7\u00e3o do Programa de Aten\u00e7\u00e3o \u00e0 Primeira Inf\u00e2ncia (PAI) e refor\u00e7a o compromisso do munic\u00edpio com o desenvolvimento infantil e o cuidado com o meio ambiente. O parque est\u00e1 sendo planejado como um ambiente de conviv\u00eancia para crian\u00e7as e fam\u00edlias, reunindo lazer, cultura e espa\u00e7os de contempla\u00e7\u00e3o.<\/p>\n<p>Durante a manh\u00e3, foi apresentado o projeto arquitet\u00f4nico do espa\u00e7o, desenvolvido pela Secretaria Executiva de Planejamento Urban\u00edstico, que prev\u00ea diferentes ambientes como \u00e1rea administrativa e de apoio, lago artificial, \u00e1reas de contempla\u00e7\u00e3o, anfiteatro, espa\u00e7o pet, ilhas da inf\u00e2ncia, espa\u00e7o cultural, pra\u00e7a de alimenta\u00e7\u00e3o e campo de areia.<\/p>\n<p>Al\u00e9m de preservar a arboriza\u00e7\u00e3o j\u00e1 existente, a a\u00e7\u00e3o tamb\u00e9m marcou o in\u00edcio do plantio de novas \u00e1rvores que ir\u00e3o compor a paisagem do parque, com a participa\u00e7\u00e3o de crian\u00e7as das creches Glauce Burity e Tia Luci, e do CRAS Mariana Alves. Ao todo, foram plantadas 50 mudas de sete esp\u00e9cies, entre elas angico, paineira, juc\u00e1 e flamboyant, todas vindas da Universidade Federal de Campina Grande \u2013 Campus Patos, em parceria com a Secretaria de Meio Ambiente.<\/p>\n<p>\u201cA INF\u00c2NCIA \u00c9 UM CH\u00c3O QUE SE PISA A VIDA INTEIRA.\u201d<br \/>\n\u2014 Mia Couto<\/p>\n","protected":false},"excerpt":{"rendered":"<p>A Prefeitura de Patos realizou o plantio de 50 mudas de \u00e1rvores e apresentou o projeto arquitet\u00f4nico do futuro Parque Municipal da Inf\u00e2ncia, um espa\u00e7o&hellip; <\/p>\n","protected":false},"author":6,"featured_media":311005,"comment_status":"closed","ping_status":"closed","sticky":false,"template":"","format":"standard","meta":{"sfsi_plus_gutenberg_text_before_share":"","sfsi_plus_gutenberg_show_text_before_share":"","sfsi_plus_gutenberg_icon_type":"","sfsi_plus_gutenberg_icon_alignemt":"","sfsi_plus_gutenburg_max_per_row":"","footnotes":""},"categories":[50,2,104],"tags":[],"class_list":["post-311003","post","type-post","status-publish","format-standard","has-post-thumbnail","hentry","category-destaque","category-geral","category-paraiba"],"_links":{"self":[{"href":"https:\/\/www.caririemacao.com\/1\/wp-json\/wp\/v2\/posts\/311003","targetHints":{"allow":["GET"]}}],"collection":[{"href":"https:\/\/www.caririemacao.com\/1\/wp-json\/wp\/v2\/posts"}],"about":[{"href":"https:\/\/www.caririemacao.com\/1\/wp-json\/wp\/v2\/types\/post"}],"author":[{"embeddable":true,"href":"https:\/\/www.caririemacao.com\/1\/wp-json\/wp\/v2\/users\/6"}],"replies":[{"embeddable":true,"href":"https:\/\/www.caririemacao.com\/1\/wp-json\/wp\/v2\/comments?post=311003"}],"version-history":[{"count":1,"href":"https:\/\/www.caririemacao.com\/1\/wp-json\/wp\/v2\/posts\/311003\/revisions"}],"predecessor-version":[{"id":311006,"href":"https:\/\/www.caririemacao.com\/1\/wp-json\/wp\/v2\/posts\/311003\/revisions\/311006"}],"wp:featuredmedia":[{"embeddable":true,"href":"https:\/\/www.caririemacao.com\/1\/wp-json\/wp\/v2\/media\/311005"}],"wp:attachment":[{"href":"https:\/\/www.caririemacao.com\/1\/wp-json\/wp\/v2\/media?parent=311003"}],"wp:term":[{"taxonomy":"category","embeddable":true,"href":"https:\/\/www.caririemacao.com\/1\/wp-json\/wp\/v2\/categories?post=311003"},{"taxonomy":"post_tag","embeddable":true,"href":"https:\/\/www.caririemacao.com\/1\/wp-json\/wp\/v2\/tags?post=311003"}],"curies":[{"name":"wp","href":"https:\/\/api.w.org\/{rel}","templated":true}]}}