{"id":311007,"date":"2026-03-10T20:50:18","date_gmt":"2026-03-10T23:50:18","guid":{"rendered":"https:\/\/www.caririemacao.com\/1\/?p=311007"},"modified":"2026-03-10T20:50:18","modified_gmt":"2026-03-10T23:50:18","slug":"camara-de-congo-aprova-requerimento-e-indicacao-durante-sessao-ordinaria-desta-terca-feira","status":"publish","type":"post","link":"https:\/\/www.caririemacao.com\/1\/2026\/03\/10\/camara-de-congo-aprova-requerimento-e-indicacao-durante-sessao-ordinaria-desta-terca-feira\/","title":{"rendered":"C\u00e2mara de Congo aprova requerimento e indica\u00e7\u00e3o durante sess\u00e3o ordin\u00e1ria desta ter\u00e7a-feira"},"content":{"rendered":"<p data-start=\"96\" data-end=\"347\">A C\u00e2mara Municipal de Congo, Casa Jos\u00e9 Jorge de Sousa, realizou mais uma sess\u00e3o ordin\u00e1ria nesta ter\u00e7a-feira (10), oportunidade em que os parlamentares apreciaram e aprovaram mat\u00e9rias importantes voltadas ao interesse da popula\u00e7\u00e3o do munic\u00edpio.<\/p>\n<p data-start=\"349\" data-end=\"722\">Durante a sess\u00e3o, foi aprovado por unanimidade o Requerimento n\u00ba 05\/2026, de autoria do vereador Adelson C\u00e2ndido. A proposi\u00e7\u00e3o solicita ao Poder Executivo Municipal e \u00e0 Secretaria de Administra\u00e7\u00e3o a disponibiliza\u00e7\u00e3o de um aparelho de celular para a Pol\u00edcia Militar local, com o objetivo de facilitar o atendimento das ocorr\u00eancias no munic\u00edpio.<\/p>\n<p data-start=\"724\" data-end=\"1220\">Na justificativa, o vereador destacou que o pedido atende a uma demanda da popula\u00e7\u00e3o, que busca maior agilidade no acionamento da Pol\u00edcia Militar em situa\u00e7\u00f5es que necessitam de interven\u00e7\u00e3o imediata. Segundo ele, muitas vezes a viatura precisa se deslocar de outro munic\u00edpio, o que pode gerar demora no atendimento. Com a disponibiliza\u00e7\u00e3o do aparelho, ser\u00e1 poss\u00edvel melhorar a comunica\u00e7\u00e3o, garantindo mais efici\u00eancia operacional, seguran\u00e7a da informa\u00e7\u00e3o e melhoria no servi\u00e7o prestado \u00e0 popula\u00e7\u00e3o.<\/p>\n<p data-start=\"1222\" data-end=\"1635\">Tamb\u00e9m foi aprovada a Indica\u00e7\u00e3o n\u00ba 02\/2026, igualmente de autoria do vereador Adelson C\u00e2ndido. A mat\u00e9ria indica ao Poder Executivo a altera\u00e7\u00e3o da Lei Municipal n\u00ba 08\/2005, que trata do Estatuto dos Servidores P\u00fablicos Municipais, para permitir que servidores em est\u00e1gio probat\u00f3rio possam cumprir est\u00e1gio obrigat\u00f3rio de cursos t\u00e9cnicos ou superiores sem preju\u00edzo do cargo efetivo.<\/p>\n<p data-start=\"1637\" data-end=\"1975\">De acordo com a justificativa apresentada pelo parlamentar, a proposta busca assegurar que servidores rec\u00e9m-concursados, que estejam matriculados em cursos t\u00e9cnicos ou superiores e necessitem cumprir est\u00e1gio curricular obrigat\u00f3rio para conclus\u00e3o da forma\u00e7\u00e3o, possam realizar essa etapa sem comprometer o v\u00ednculo funcional com o munic\u00edpio.<\/p>\n<p data-start=\"1977\" data-end=\"2163\" data-is-last-node=\"\" data-is-only-node=\"\">Ap\u00f3s a aprecia\u00e7\u00e3o e vota\u00e7\u00e3o da pauta do dia, o presidente da C\u00e2mara Municipal, vereador Jucelio Quintans, agradeceu a presen\u00e7a dos demais parlamentares e declarou encerrada a sess\u00e3o.<\/p>\n<p data-start=\"1977\" data-end=\"2163\" data-is-last-node=\"\" data-is-only-node=\"\">\n<p data-start=\"1977\" data-end=\"2163\" data-is-last-node=\"\" data-is-only-node=\"\"><strong>CARIRI EM A\u00c7\u00c3O<\/strong><\/p>\n","protected":false},"excerpt":{"rendered":"<p>A C\u00e2mara Municipal de Congo, Casa Jos\u00e9 Jorge de Sousa, realizou mais uma sess\u00e3o ordin\u00e1ria nesta ter\u00e7a-feira (10), oportunidade em que os parlamentares apreciaram e&hellip; <\/p>\n","protected":false},"author":6,"featured_media":311008,"comment_status":"closed","ping_status":"closed","sticky":false,"template":"","format":"standard","meta":{"sfsi_plus_gutenberg_text_before_share":"","sfsi_plus_gutenberg_show_text_before_share":"","sfsi_plus_gutenberg_icon_type":"","sfsi_plus_gutenberg_icon_alignemt":"","sfsi_plus_gutenburg_max_per_row":"","footnotes":""},"categories":[74,50,2],"tags":[],"class_list":["post-311007","post","type-post","status-publish","format-standard","has-post-thumbnail","hentry","category-congo","category-destaque","category-geral"],"_links":{"self":[{"href":"https:\/\/www.caririemacao.com\/1\/wp-json\/wp\/v2\/posts\/311007","targetHints":{"allow":["GET"]}}],"collection":[{"href":"https:\/\/www.caririemacao.com\/1\/wp-json\/wp\/v2\/posts"}],"about":[{"href":"https:\/\/www.caririemacao.com\/1\/wp-json\/wp\/v2\/types\/post"}],"author":[{"embeddable":true,"href":"https:\/\/www.caririemacao.com\/1\/wp-json\/wp\/v2\/users\/6"}],"replies":[{"embeddable":true,"href":"https:\/\/www.caririemacao.com\/1\/wp-json\/wp\/v2\/comments?post=311007"}],"version-history":[{"count":1,"href":"https:\/\/www.caririemacao.com\/1\/wp-json\/wp\/v2\/posts\/311007\/revisions"}],"predecessor-version":[{"id":311009,"href":"https:\/\/www.caririemacao.com\/1\/wp-json\/wp\/v2\/posts\/311007\/revisions\/311009"}],"wp:featuredmedia":[{"embeddable":true,"href":"https:\/\/www.caririemacao.com\/1\/wp-json\/wp\/v2\/media\/311008"}],"wp:attachment":[{"href":"https:\/\/www.caririemacao.com\/1\/wp-json\/wp\/v2\/media?parent=311007"}],"wp:term":[{"taxonomy":"category","embeddable":true,"href":"https:\/\/www.caririemacao.com\/1\/wp-json\/wp\/v2\/categories?post=311007"},{"taxonomy":"post_tag","embeddable":true,"href":"https:\/\/www.caririemacao.com\/1\/wp-json\/wp\/v2\/tags?post=311007"}],"curies":[{"name":"wp","href":"https:\/\/api.w.org\/{rel}","templated":true}]}}