{"id":311010,"date":"2026-03-10T20:55:32","date_gmt":"2026-03-10T23:55:32","guid":{"rendered":"https:\/\/www.caririemacao.com\/1\/?p=311010"},"modified":"2026-03-10T20:55:32","modified_gmt":"2026-03-10T23:55:32","slug":"padre-fabricio-explica-decisao-de-nao-ser-candidato-coracao-nao-ardeu","status":"publish","type":"post","link":"https:\/\/www.caririemacao.com\/1\/2026\/03\/10\/padre-fabricio-explica-decisao-de-nao-ser-candidato-coracao-nao-ardeu\/","title":{"rendered":"Padre Fabr\u00edcio explica decis\u00e3o de n\u00e3o ser candidato: \u201cCora\u00e7\u00e3o n\u00e3o ardeu\u201d"},"content":{"rendered":"<p>Convidado pelo prefeito de Jo\u00e3o Pessoa, C\u00edcero Lucena (MDB), e o senador Veneziano Vital (MDB), para disputar uma vaga no Senado Federal, o padre Fabr\u00edcio Tim\u00f3teo revelou, nesta ter\u00e7a-feira (10), em entrevista ao Liga 360, da TV Norte Para\u00edba, ter buscado uma resposta divina e explicou que \u201cnesse momento o seu cora\u00e7\u00e3o n\u00e3o ardeu\u201d para aceitar a convite.<\/p>\n<p>\u201cEu agrade\u00e7o e levo a s\u00e9rio e todo qualquer convite. Mas desde o in\u00edcio do meu sil\u00eancio eu sempre disse que eu s\u00f3 aceito o convite se arder o meu cora\u00e7\u00e3o e eu sentir que aquela ard\u00eancia vem do Senhor. (\u2026) Meu cora\u00e7\u00e3o para esse momento n\u00e3o ardeu\u201d, esclareceu o padre.<\/p>\n<p>O religioso, por\u00e9m, n\u00e3o descartou a possibilidade de exercer um cargo p\u00fablico futuramente.<\/p>\n<p>\u201cEu n\u00e3o posso dizer que dessa \u00e1gua eu n\u00e3o beberei. Para onde Deus me chamar eu irei. Eu digo que o ant\u00eddoto para qualquer desobedi\u00eancia a Deus \u00e9 o servi\u00e7o. Eu n\u00e3o vim para ser servido, mas eu vim para servir. Onde ele quiser que eu sirva, dentro das minhas limita\u00e7\u00f5es, das minhas debilidades, do que tenho um pouquinho de melhor, eu digo eis me aqui, senhor\u201d, frisou Fabr\u00edcio.<\/p>\n<p>&nbsp;<\/p>\n<p><em>Com MaisPB<\/em><\/p>\n","protected":false},"excerpt":{"rendered":"<p>Convidado pelo prefeito de Jo\u00e3o Pessoa, C\u00edcero Lucena (MDB), e o senador Veneziano Vital (MDB), para disputar uma vaga no Senado Federal, o padre Fabr\u00edcio&hellip; <\/p>\n","protected":false},"author":6,"featured_media":311011,"comment_status":"closed","ping_status":"closed","sticky":false,"template":"","format":"standard","meta":{"sfsi_plus_gutenberg_text_before_share":"","sfsi_plus_gutenberg_show_text_before_share":"","sfsi_plus_gutenberg_icon_type":"","sfsi_plus_gutenberg_icon_alignemt":"","sfsi_plus_gutenburg_max_per_row":"","footnotes":""},"categories":[50,2,1,104],"tags":[],"class_list":["post-311010","post","type-post","status-publish","format-standard","has-post-thumbnail","hentry","category-destaque","category-geral","category-o-site","category-paraiba"],"_links":{"self":[{"href":"https:\/\/www.caririemacao.com\/1\/wp-json\/wp\/v2\/posts\/311010","targetHints":{"allow":["GET"]}}],"collection":[{"href":"https:\/\/www.caririemacao.com\/1\/wp-json\/wp\/v2\/posts"}],"about":[{"href":"https:\/\/www.caririemacao.com\/1\/wp-json\/wp\/v2\/types\/post"}],"author":[{"embeddable":true,"href":"https:\/\/www.caririemacao.com\/1\/wp-json\/wp\/v2\/users\/6"}],"replies":[{"embeddable":true,"href":"https:\/\/www.caririemacao.com\/1\/wp-json\/wp\/v2\/comments?post=311010"}],"version-history":[{"count":1,"href":"https:\/\/www.caririemacao.com\/1\/wp-json\/wp\/v2\/posts\/311010\/revisions"}],"predecessor-version":[{"id":311012,"href":"https:\/\/www.caririemacao.com\/1\/wp-json\/wp\/v2\/posts\/311010\/revisions\/311012"}],"wp:featuredmedia":[{"embeddable":true,"href":"https:\/\/www.caririemacao.com\/1\/wp-json\/wp\/v2\/media\/311011"}],"wp:attachment":[{"href":"https:\/\/www.caririemacao.com\/1\/wp-json\/wp\/v2\/media?parent=311010"}],"wp:term":[{"taxonomy":"category","embeddable":true,"href":"https:\/\/www.caririemacao.com\/1\/wp-json\/wp\/v2\/categories?post=311010"},{"taxonomy":"post_tag","embeddable":true,"href":"https:\/\/www.caririemacao.com\/1\/wp-json\/wp\/v2\/tags?post=311010"}],"curies":[{"name":"wp","href":"https:\/\/api.w.org\/{rel}","templated":true}]}}