{"id":311024,"date":"2026-03-11T08:35:28","date_gmt":"2026-03-11T11:35:28","guid":{"rendered":"https:\/\/www.caririemacao.com\/1\/?p=311024"},"modified":"2026-03-11T08:35:28","modified_gmt":"2026-03-11T11:35:28","slug":"guerra-no-oriente-medio-governo-vai-monitorar-mercado-de-combustiveis","status":"publish","type":"post","link":"https:\/\/www.caririemacao.com\/1\/2026\/03\/11\/guerra-no-oriente-medio-governo-vai-monitorar-mercado-de-combustiveis\/","title":{"rendered":"Guerra no Oriente M\u00e9dio: governo vai monitorar mercado de combust\u00edveis"},"content":{"rendered":"<div class=\"header-noticia full-width\">\n<div class=\"linha-fina-noticia\" style=\"text-align: center;\"><em><strong>Estados reclamam de alta injustificada nos pre\u00e7os das distribuidoras<\/strong><\/em><\/div>\n<\/div>\n<div><\/div>\n<div>\n<p><strong>O Minist\u00e9rio de Minas e Energia (MME) criou uma Sala de Monitoramento do Abastecimento, que vai acompanhar, diariamente, as condi\u00e7\u00f5es do mercado nacional e internacional de combust\u00edveis\u00a0<\/strong>em articula\u00e7\u00e3o com \u00f3rg\u00e3os reguladores e com os principais agentes do setor nos elos de fornecimento prim\u00e1rio e distribui\u00e7\u00e3o.<img decoding=\"async\" data-src=\"https:\/\/agenciabrasil.ebc.com.br\/ebc.png?id=1681488&amp;o=node\" src=\"data:image\/svg+xml;base64,PHN2ZyB3aWR0aD0iMSIgaGVpZ2h0PSIxIiB4bWxucz0iaHR0cDovL3d3dy53My5vcmcvMjAwMC9zdmciPjwvc3ZnPg==\" class=\"lazyload\" \/><img decoding=\"async\" data-src=\"https:\/\/agenciabrasil.ebc.com.br\/ebc.gif?id=1681488&amp;o=node\" src=\"data:image\/svg+xml;base64,PHN2ZyB3aWR0aD0iMSIgaGVpZ2h0PSIxIiB4bWxucz0iaHR0cDovL3d3dy53My5vcmcvMjAwMC9zdmciPjwvc3ZnPg==\" class=\"lazyload\" \/><\/p>\n<p>Segundo o governo, a\u00a0<strong>iniciativa intensifica o monitoramento das cadeias de suprimento globais de derivados de petr\u00f3leo, da log\u00edstica nacional do abastecimento de combust\u00edveis e dos pre\u00e7os dos principais produtos, em raz\u00e3o do Conflito no Oriente M\u00e9dio \u2013\u00a0maior regi\u00e3o exportadora de petr\u00f3leo do mundo, com cerca de 60% das reservas globais.<\/strong><\/p>\n<blockquote><p>\u201cA pasta tamb\u00e9m ampliou, nos \u00faltimos dias, as interlocu\u00e7\u00f5es junto \u00e0 Ag\u00eancia Nacional do Petr\u00f3leo, G\u00e1s Natural e Biocombust\u00edveis (ANP) e a agentes de pre\u00e7os e de mercado que atuam na produ\u00e7\u00e3o, na importa\u00e7\u00e3o e na distribui\u00e7\u00e3o de combust\u00edveis no pa\u00eds\u201d, diz nota do minist\u00e9rio.<\/p><\/blockquote>\n<p><strong>O objetivo \u00e9 identificar rapidamente eventuais riscos ao abastecimento e coordenar as medidas necess\u00e1rias para preservar a seguran\u00e7a energ\u00e9tica<\/strong>\u00a0e a normalidade do fornecimento de combust\u00edveis no pa\u00eds, em linha com medidas j\u00e1 adotadas pelo MME em situa\u00e7\u00f5es geopol\u00edticas semelhantes.<\/p>\n<p>At\u00e9 o momento, apesar do cen\u00e1rio de instabilidade, a exposi\u00e7\u00e3o direta do Brasil ao conflito \u00e9 considerada limitada. O pa\u00eds \u00e9 exportador de petr\u00f3leo bruto e importa parte dos derivados consumidos internamente, sobretudo diesel, mas a participa\u00e7\u00e3o de pa\u00edses do Golfo P\u00e9rsico como fornecedores de derivados de petr\u00f3leo \u00e9 relativamente pequena.<\/p>\n<h2>Aumento nas distribuidoras<\/h2>\n<p>A Secretaria Nacional do Consumidor (Senacon), do Minist\u00e9rio da Justi\u00e7a e Seguran\u00e7a P\u00fablica (MJSP), enviou um of\u00edcio ao Conselho Administrativo de Defesa Econ\u00f4mica (Cade)\u00a0solicitando a an\u00e1lise de recentes aumentos\u00a0nos pre\u00e7os dos combust\u00edveis\u00a0registrados em quatro estados\u00a0e no Distrito Federal.<\/p>\n<p>O pedido foi encaminhado ap\u00f3s declara\u00e7\u00f5es p\u00fablicas de representantes de sindicatos (Sindicombust\u00edveis-DF, Sindicombust\u00edveis Bahia, Sindipostos-RN, Minaspetro-MG e Sulpetro-RS) informarem que\u00a0<strong>distribuidoras elevaram os pre\u00e7os de venda para os postos sob a justificativa de alta no pre\u00e7o internacional do petr\u00f3leo, associada ao conflito no Oriente M\u00e9dio.\u00a0<\/strong><\/p>\n<p><strong>At\u00e9 o momento, por\u00e9m, a Petrobras n\u00e3o anunciou aumento nos pre\u00e7os praticados em suas refinarias.<\/strong><\/p>\n<p>\u201cDiante desse cen\u00e1rio, a Senacon solicitou que o Cade avalie a exist\u00eancia de poss\u00edveis ind\u00edcios de pr\u00e1ticas que possam prejudicar a livre concorr\u00eancia no mercado, e que podem indicar tentativa de influ\u00eancia \u00e0 ado\u00e7\u00e3o de conduta comercial uniforme ou combinada entre concorrentes\u201d, completa o MME.<\/p>\n<\/div>\n<div class=\"subheader\">\n<div class=\"container-autoria\" style=\"text-align: left;\">FONTE: Ag\u00eancia Brasil<\/div>\n<\/div>\n","protected":false},"excerpt":{"rendered":"<p>Estados reclamam de alta injustificada nos pre\u00e7os das distribuidoras O Minist\u00e9rio de Minas e Energia (MME) criou uma Sala de Monitoramento do Abastecimento, que vai&hellip; <\/p>\n","protected":false},"author":6,"featured_media":311025,"comment_status":"closed","ping_status":"closed","sticky":false,"template":"","format":"standard","meta":{"sfsi_plus_gutenberg_text_before_share":"","sfsi_plus_gutenberg_show_text_before_share":"","sfsi_plus_gutenberg_icon_type":"","sfsi_plus_gutenberg_icon_alignemt":"","sfsi_plus_gutenburg_max_per_row":"","footnotes":""},"categories":[50,2],"tags":[],"class_list":["post-311024","post","type-post","status-publish","format-standard","has-post-thumbnail","hentry","category-destaque","category-geral"],"_links":{"self":[{"href":"https:\/\/www.caririemacao.com\/1\/wp-json\/wp\/v2\/posts\/311024","targetHints":{"allow":["GET"]}}],"collection":[{"href":"https:\/\/www.caririemacao.com\/1\/wp-json\/wp\/v2\/posts"}],"about":[{"href":"https:\/\/www.caririemacao.com\/1\/wp-json\/wp\/v2\/types\/post"}],"author":[{"embeddable":true,"href":"https:\/\/www.caririemacao.com\/1\/wp-json\/wp\/v2\/users\/6"}],"replies":[{"embeddable":true,"href":"https:\/\/www.caririemacao.com\/1\/wp-json\/wp\/v2\/comments?post=311024"}],"version-history":[{"count":1,"href":"https:\/\/www.caririemacao.com\/1\/wp-json\/wp\/v2\/posts\/311024\/revisions"}],"predecessor-version":[{"id":311026,"href":"https:\/\/www.caririemacao.com\/1\/wp-json\/wp\/v2\/posts\/311024\/revisions\/311026"}],"wp:featuredmedia":[{"embeddable":true,"href":"https:\/\/www.caririemacao.com\/1\/wp-json\/wp\/v2\/media\/311025"}],"wp:attachment":[{"href":"https:\/\/www.caririemacao.com\/1\/wp-json\/wp\/v2\/media?parent=311024"}],"wp:term":[{"taxonomy":"category","embeddable":true,"href":"https:\/\/www.caririemacao.com\/1\/wp-json\/wp\/v2\/categories?post=311024"},{"taxonomy":"post_tag","embeddable":true,"href":"https:\/\/www.caririemacao.com\/1\/wp-json\/wp\/v2\/tags?post=311024"}],"curies":[{"name":"wp","href":"https:\/\/api.w.org\/{rel}","templated":true}]}}