{"id":311027,"date":"2026-03-11T08:36:51","date_gmt":"2026-03-11T11:36:51","guid":{"rendered":"https:\/\/www.caririemacao.com\/1\/?p=311027"},"modified":"2026-03-11T08:36:51","modified_gmt":"2026-03-11T11:36:51","slug":"envio-de-declaracao-do-ir-comeca-na-proxima-semana-veja-regras","status":"publish","type":"post","link":"https:\/\/www.caririemacao.com\/1\/2026\/03\/11\/envio-de-declaracao-do-ir-comeca-na-proxima-semana-veja-regras\/","title":{"rendered":"Envio de declara\u00e7\u00e3o do IR come\u00e7a na pr\u00f3xima semana; veja regras"},"content":{"rendered":"<div class=\"subtitulo mb-3\"><em><strong>Apesar da isen\u00e7\u00e3o para quem ganha at\u00e9 R$ 5 mil por m\u00eas ter entrado em vigor em 1\u00ba de fevereiro, mudan\u00e7a n\u00e3o ter\u00e1 impacto na declara\u00e7\u00e3o entregue este ano.<\/strong><\/em><\/div>\n<div><\/div>\n<div>\n<p class=\"wp-block-paragraph\">A Receita Federal divulgar\u00e1 na pr\u00f3xima segunda-feira (16) as regras da Declara\u00e7\u00e3o do Imposto de Renda Pessoa F\u00edsica (IRPF) 2026. Embora o calend\u00e1rio oficial ainda n\u00e3o tenha sido anunciado, a expectativa \u00e9 que o prazo de entrega da declara\u00e7\u00e3o comece no dia 16 e se estenda at\u00e9 29 de maio, \u00faltimo dia \u00fatil do m\u00eas, seguindo o padr\u00e3o dos anos anteriores.<img decoding=\"async\" data-src=\"https:\/\/agenciabrasil.ebc.com.br\/ebc.png?id=1681284&amp;o=node\" src=\"data:image\/svg+xml;base64,PHN2ZyB3aWR0aD0iMSIgaGVpZ2h0PSIxIiB4bWxucz0iaHR0cDovL3d3dy53My5vcmcvMjAwMC9zdmciPjwvc3ZnPg==\" class=\"lazyload\" \/><img decoding=\"async\" data-src=\"https:\/\/agenciabrasil.ebc.com.br\/ebc.gif?id=1681284&amp;o=node\" src=\"data:image\/svg+xml;base64,PHN2ZyB3aWR0aD0iMSIgaGVpZ2h0PSIxIiB4bWxucz0iaHR0cDovL3d3dy53My5vcmcvMjAwMC9zdmciPjwvc3ZnPg==\" class=\"lazyload\" \/><\/p>\n<p class=\"wp-block-paragraph\">Uma das principais d\u00favidas entre os contribuintes neste ano envolve a nova faixa de isen\u00e7\u00e3o do Imposto de Renda para quem recebe at\u00e9 R$ 5 mil por m\u00eas.\u00a0Apesar de a medida ter entrado em vigor em 1\u00ba de janeiro\u00a0e\u00a0ter come\u00e7ado a aliviar o bolso de parte dos trabalhadores desde fevereiro,\u00a0<strong>a mudan\u00e7a n\u00e3o ter\u00e1 impacto na declara\u00e7\u00e3o entregue em 2026<\/strong>.<\/p>\n<p>FONTE: Portal Correio<\/p>\n<\/div>\n","protected":false},"excerpt":{"rendered":"<p>Apesar da isen\u00e7\u00e3o para quem ganha at\u00e9 R$ 5 mil por m\u00eas ter entrado em vigor em 1\u00ba de fevereiro, mudan\u00e7a n\u00e3o ter\u00e1 impacto na&hellip; <\/p>\n","protected":false},"author":6,"featured_media":311028,"comment_status":"closed","ping_status":"closed","sticky":false,"template":"","format":"standard","meta":{"sfsi_plus_gutenberg_text_before_share":"","sfsi_plus_gutenberg_show_text_before_share":"","sfsi_plus_gutenberg_icon_type":"","sfsi_plus_gutenberg_icon_alignemt":"","sfsi_plus_gutenburg_max_per_row":"","footnotes":""},"categories":[50,1],"tags":[],"class_list":["post-311027","post","type-post","status-publish","format-standard","has-post-thumbnail","hentry","category-destaque","category-o-site"],"_links":{"self":[{"href":"https:\/\/www.caririemacao.com\/1\/wp-json\/wp\/v2\/posts\/311027","targetHints":{"allow":["GET"]}}],"collection":[{"href":"https:\/\/www.caririemacao.com\/1\/wp-json\/wp\/v2\/posts"}],"about":[{"href":"https:\/\/www.caririemacao.com\/1\/wp-json\/wp\/v2\/types\/post"}],"author":[{"embeddable":true,"href":"https:\/\/www.caririemacao.com\/1\/wp-json\/wp\/v2\/users\/6"}],"replies":[{"embeddable":true,"href":"https:\/\/www.caririemacao.com\/1\/wp-json\/wp\/v2\/comments?post=311027"}],"version-history":[{"count":1,"href":"https:\/\/www.caririemacao.com\/1\/wp-json\/wp\/v2\/posts\/311027\/revisions"}],"predecessor-version":[{"id":311029,"href":"https:\/\/www.caririemacao.com\/1\/wp-json\/wp\/v2\/posts\/311027\/revisions\/311029"}],"wp:featuredmedia":[{"embeddable":true,"href":"https:\/\/www.caririemacao.com\/1\/wp-json\/wp\/v2\/media\/311028"}],"wp:attachment":[{"href":"https:\/\/www.caririemacao.com\/1\/wp-json\/wp\/v2\/media?parent=311027"}],"wp:term":[{"taxonomy":"category","embeddable":true,"href":"https:\/\/www.caririemacao.com\/1\/wp-json\/wp\/v2\/categories?post=311027"},{"taxonomy":"post_tag","embeddable":true,"href":"https:\/\/www.caririemacao.com\/1\/wp-json\/wp\/v2\/tags?post=311027"}],"curies":[{"name":"wp","href":"https:\/\/api.w.org\/{rel}","templated":true}]}}