{"id":311030,"date":"2026-03-11T08:38:09","date_gmt":"2026-03-11T11:38:09","guid":{"rendered":"https:\/\/www.caririemacao.com\/1\/?p=311030"},"modified":"2026-03-11T08:38:09","modified_gmt":"2026-03-11T11:38:09","slug":"mais-de-130-suspeitos-de-crimes-contra-a-mulher-sao-presos-durante-operacoes-na-paraiba","status":"publish","type":"post","link":"https:\/\/www.caririemacao.com\/1\/2026\/03\/11\/mais-de-130-suspeitos-de-crimes-contra-a-mulher-sao-presos-durante-operacoes-na-paraiba\/","title":{"rendered":"Mais de 130 suspeitos de crimes contra a mulher s\u00e3o presos durante opera\u00e7\u00f5es, na Para\u00edba"},"content":{"rendered":"<div class=\"subtitulo mb-3\"><em><strong>Opera\u00e7\u00f5es fazem parte das a\u00e7\u00f5es dos poderes Executivo, Legislativo e Judici\u00e1rio para o enfrentamento ao feminic\u00eddio.<\/strong><\/em><\/div>\n<div><\/div>\n<div>\n<p class=\"wp-block-paragraph\">Duas opera\u00e7\u00f5es do Governo do Brasil resultaram na pris\u00e3o de 139 suspeitos de crimes contra mulheres e meninas, na Para\u00edba. As pris\u00f5es foram efetuadas durantes as \u00faltimas semanas.<\/p>\n<p class=\"wp-block-paragraph\">A Opera\u00e7\u00e3o Mulher Segura, realizada entre os dias 19 de fevereiro e 5 de mar\u00e7o, e a Opera\u00e7\u00e3o Alerta Lil\u00e1s II, conduzida pela Pol\u00edcia Rodovi\u00e1ria Federal (PRF) entre os dias 9 de fevereiro e 5 de mar\u00e7o, fazem parte das a\u00e7\u00f5es dos poderes Executivo, Legislativo e Judici\u00e1rio para o enfrentamento ao feminic\u00eddio.<\/p>\n<p class=\"wp-block-paragraph\">O pacto dos tr\u00eas poderes em pr\u00f3s da seguran\u00e7a das mulheres tem como objetivo ampliar a preven\u00e7\u00e3o da viol\u00eancia, fortalecer a prote\u00e7\u00e3o \u00e0s v\u00edtimas e garantir a responsabiliza\u00e7\u00e3o de agressores.<\/p>\n<p class=\"wp-block-paragraph\">As a\u00e7\u00f5es nacionais totalizaram 5.238 pessoas presas durante o per\u00edodo. Tamb\u00e9m foram promovidas 1.802 campanhas de conscientiza\u00e7\u00e3o.<\/p>\n<p>FONTE: Portal Correio<\/p>\n<\/div>\n","protected":false},"excerpt":{"rendered":"<p>Opera\u00e7\u00f5es fazem parte das a\u00e7\u00f5es dos poderes Executivo, Legislativo e Judici\u00e1rio para o enfrentamento ao feminic\u00eddio. Duas opera\u00e7\u00f5es do Governo do Brasil resultaram na pris\u00e3o&hellip; <\/p>\n","protected":false},"author":6,"featured_media":311031,"comment_status":"closed","ping_status":"closed","sticky":false,"template":"","format":"standard","meta":{"sfsi_plus_gutenberg_text_before_share":"","sfsi_plus_gutenberg_show_text_before_share":"","sfsi_plus_gutenberg_icon_type":"","sfsi_plus_gutenberg_icon_alignemt":"","sfsi_plus_gutenburg_max_per_row":"","footnotes":""},"categories":[50,104,12],"tags":[],"class_list":["post-311030","post","type-post","status-publish","format-standard","has-post-thumbnail","hentry","category-destaque","category-paraiba","category-policia"],"_links":{"self":[{"href":"https:\/\/www.caririemacao.com\/1\/wp-json\/wp\/v2\/posts\/311030","targetHints":{"allow":["GET"]}}],"collection":[{"href":"https:\/\/www.caririemacao.com\/1\/wp-json\/wp\/v2\/posts"}],"about":[{"href":"https:\/\/www.caririemacao.com\/1\/wp-json\/wp\/v2\/types\/post"}],"author":[{"embeddable":true,"href":"https:\/\/www.caririemacao.com\/1\/wp-json\/wp\/v2\/users\/6"}],"replies":[{"embeddable":true,"href":"https:\/\/www.caririemacao.com\/1\/wp-json\/wp\/v2\/comments?post=311030"}],"version-history":[{"count":1,"href":"https:\/\/www.caririemacao.com\/1\/wp-json\/wp\/v2\/posts\/311030\/revisions"}],"predecessor-version":[{"id":311032,"href":"https:\/\/www.caririemacao.com\/1\/wp-json\/wp\/v2\/posts\/311030\/revisions\/311032"}],"wp:featuredmedia":[{"embeddable":true,"href":"https:\/\/www.caririemacao.com\/1\/wp-json\/wp\/v2\/media\/311031"}],"wp:attachment":[{"href":"https:\/\/www.caririemacao.com\/1\/wp-json\/wp\/v2\/media?parent=311030"}],"wp:term":[{"taxonomy":"category","embeddable":true,"href":"https:\/\/www.caririemacao.com\/1\/wp-json\/wp\/v2\/categories?post=311030"},{"taxonomy":"post_tag","embeddable":true,"href":"https:\/\/www.caririemacao.com\/1\/wp-json\/wp\/v2\/tags?post=311030"}],"curies":[{"name":"wp","href":"https:\/\/api.w.org\/{rel}","templated":true}]}}