{"id":311033,"date":"2026-03-11T08:39:57","date_gmt":"2026-03-11T11:39:57","guid":{"rendered":"https:\/\/www.caririemacao.com\/1\/?p=311033"},"modified":"2026-03-11T08:39:57","modified_gmt":"2026-03-11T11:39:57","slug":"corpo-de-mulher-e-encontrado-carbonizado-dentro-de-mala-em-joao-pessoa","status":"publish","type":"post","link":"https:\/\/www.caririemacao.com\/1\/2026\/03\/11\/corpo-de-mulher-e-encontrado-carbonizado-dentro-de-mala-em-joao-pessoa\/","title":{"rendered":"Corpo de mulher \u00e9 encontrado carbonizado dentro de mala, em Jo\u00e3o Pessoa"},"content":{"rendered":"<div class=\"subtitulo mb-3\" style=\"text-align: center;\"><em><strong>V\u00edtima seria uma mulher jovem<\/strong><\/em><\/div>\n<div><\/div>\n<div>\n<p class=\"wp-block-paragraph\">Um corpo foi encontrado carbonizado, na madrugada desta quarta-feira (11), dentro de uma mala, no bairro de Mana\u00edra, em Jo\u00e3o Pessoa. A v\u00edtima seria uma mulher jovem.<\/p>\n<p class=\"wp-block-paragraph\">A Pol\u00edcia Militar foi acionada, por volta das duas horas da manh\u00e3, por moradores da regi\u00e3o que viram chamas em um local onde era depositado lixo, em uma cal\u00e7ada da rua. Ao chegar ao local, foi identificado que o fogo havia sido ateado em uma mala, onde havia um corpo feminino.<\/p>\n<p class=\"wp-block-paragraph\">Segundo a delegada da Pol\u00edcia Civil, Josenice Andrade, o corpo apresentava poss\u00edveis perfura\u00e7\u00f5es, mas a din\u00e2mica do crime s\u00f3 poder\u00e1 ser confirmada ap\u00f3s os exames de procedimento padr\u00e3o.<\/p>\n<p>FONTE: Portal Correio<\/p>\n<\/div>\n","protected":false},"excerpt":{"rendered":"<p>V\u00edtima seria uma mulher jovem Um corpo foi encontrado carbonizado, na madrugada desta quarta-feira (11), dentro de uma mala, no bairro de Mana\u00edra, em Jo\u00e3o&hellip; <\/p>\n","protected":false},"author":6,"featured_media":311034,"comment_status":"closed","ping_status":"closed","sticky":false,"template":"","format":"standard","meta":{"sfsi_plus_gutenberg_text_before_share":"","sfsi_plus_gutenberg_show_text_before_share":"","sfsi_plus_gutenberg_icon_type":"","sfsi_plus_gutenberg_icon_alignemt":"","sfsi_plus_gutenburg_max_per_row":"","footnotes":""},"categories":[50,115,12],"tags":[],"class_list":["post-311033","post","type-post","status-publish","format-standard","has-post-thumbnail","hentry","category-destaque","category-joao-pessoa","category-policia"],"_links":{"self":[{"href":"https:\/\/www.caririemacao.com\/1\/wp-json\/wp\/v2\/posts\/311033","targetHints":{"allow":["GET"]}}],"collection":[{"href":"https:\/\/www.caririemacao.com\/1\/wp-json\/wp\/v2\/posts"}],"about":[{"href":"https:\/\/www.caririemacao.com\/1\/wp-json\/wp\/v2\/types\/post"}],"author":[{"embeddable":true,"href":"https:\/\/www.caririemacao.com\/1\/wp-json\/wp\/v2\/users\/6"}],"replies":[{"embeddable":true,"href":"https:\/\/www.caririemacao.com\/1\/wp-json\/wp\/v2\/comments?post=311033"}],"version-history":[{"count":1,"href":"https:\/\/www.caririemacao.com\/1\/wp-json\/wp\/v2\/posts\/311033\/revisions"}],"predecessor-version":[{"id":311035,"href":"https:\/\/www.caririemacao.com\/1\/wp-json\/wp\/v2\/posts\/311033\/revisions\/311035"}],"wp:featuredmedia":[{"embeddable":true,"href":"https:\/\/www.caririemacao.com\/1\/wp-json\/wp\/v2\/media\/311034"}],"wp:attachment":[{"href":"https:\/\/www.caririemacao.com\/1\/wp-json\/wp\/v2\/media?parent=311033"}],"wp:term":[{"taxonomy":"category","embeddable":true,"href":"https:\/\/www.caririemacao.com\/1\/wp-json\/wp\/v2\/categories?post=311033"},{"taxonomy":"post_tag","embeddable":true,"href":"https:\/\/www.caririemacao.com\/1\/wp-json\/wp\/v2\/tags?post=311033"}],"curies":[{"name":"wp","href":"https:\/\/api.w.org\/{rel}","templated":true}]}}