{"id":311036,"date":"2026-03-11T08:41:45","date_gmt":"2026-03-11T11:41:45","guid":{"rendered":"https:\/\/www.caririemacao.com\/1\/?p=311036"},"modified":"2026-03-11T08:41:45","modified_gmt":"2026-03-11T11:41:45","slug":"diretora-de-creche-e-presa-suspeita-de-integrar-faccao-criminosa-em-itabaiana","status":"publish","type":"post","link":"https:\/\/www.caririemacao.com\/1\/2026\/03\/11\/diretora-de-creche-e-presa-suspeita-de-integrar-faccao-criminosa-em-itabaiana\/","title":{"rendered":"Diretora de creche \u00e9 presa suspeita de integrar fac\u00e7\u00e3o criminosa, em Itabaiana"},"content":{"rendered":"<div class=\"subtitulo mb-3\" style=\"text-align: center;\"><em><strong>Mulher tamb\u00e9m teria sido pr\u00e9-candidata nas elei\u00e7\u00f5es de 2024<\/strong><\/em><\/div>\n<div><\/div>\n<div>\n<p class=\"wp-block-paragraph\">Uma mulher que atuava como diretora de uma creche em Itabaiana, foi presa temporariamente, suspeita de integrar uma fac\u00e7\u00e3o criminosa. Pris\u00e3o foi feita no munic\u00edpio de Ipojuca, em Pernambuco.<\/p>\n<p class=\"wp-block-paragraph\">Segundo as investiga\u00e7\u00f5es, a mulher faria parte da gest\u00e3o financeira e l\u00edder do esquema de lavagem de dinheiro da organiza\u00e7\u00e3o.<\/p>\n<p class=\"wp-block-paragraph\">Al\u00e9m de dirigir a creche, a mulher tamb\u00e9m teria sido pr\u00e9-candidata nas elei\u00e7\u00f5es de 2024.<\/p>\n<p class=\"wp-block-paragraph\">A pris\u00e3o tempor\u00e1ria tem a dura\u00e7\u00e3o de 30 dias, per\u00edodo no qual as investiga\u00e7\u00f5es seguem em andamento.<\/p>\n<p>FONTE: Portal Correio<\/p>\n<\/div>\n","protected":false},"excerpt":{"rendered":"<p>Mulher tamb\u00e9m teria sido pr\u00e9-candidata nas elei\u00e7\u00f5es de 2024 Uma mulher que atuava como diretora de uma creche em Itabaiana, foi presa temporariamente, suspeita de&hellip; <\/p>\n","protected":false},"author":6,"featured_media":311037,"comment_status":"closed","ping_status":"closed","sticky":false,"template":"","format":"standard","meta":{"sfsi_plus_gutenberg_text_before_share":"","sfsi_plus_gutenberg_show_text_before_share":"","sfsi_plus_gutenberg_icon_type":"","sfsi_plus_gutenberg_icon_alignemt":"","sfsi_plus_gutenburg_max_per_row":"","footnotes":""},"categories":[6,50,1,12],"tags":[],"class_list":["post-311036","post","type-post","status-publish","format-standard","has-post-thumbnail","hentry","category-cidades","category-destaque","category-o-site","category-policia"],"_links":{"self":[{"href":"https:\/\/www.caririemacao.com\/1\/wp-json\/wp\/v2\/posts\/311036","targetHints":{"allow":["GET"]}}],"collection":[{"href":"https:\/\/www.caririemacao.com\/1\/wp-json\/wp\/v2\/posts"}],"about":[{"href":"https:\/\/www.caririemacao.com\/1\/wp-json\/wp\/v2\/types\/post"}],"author":[{"embeddable":true,"href":"https:\/\/www.caririemacao.com\/1\/wp-json\/wp\/v2\/users\/6"}],"replies":[{"embeddable":true,"href":"https:\/\/www.caririemacao.com\/1\/wp-json\/wp\/v2\/comments?post=311036"}],"version-history":[{"count":1,"href":"https:\/\/www.caririemacao.com\/1\/wp-json\/wp\/v2\/posts\/311036\/revisions"}],"predecessor-version":[{"id":311038,"href":"https:\/\/www.caririemacao.com\/1\/wp-json\/wp\/v2\/posts\/311036\/revisions\/311038"}],"wp:featuredmedia":[{"embeddable":true,"href":"https:\/\/www.caririemacao.com\/1\/wp-json\/wp\/v2\/media\/311037"}],"wp:attachment":[{"href":"https:\/\/www.caririemacao.com\/1\/wp-json\/wp\/v2\/media?parent=311036"}],"wp:term":[{"taxonomy":"category","embeddable":true,"href":"https:\/\/www.caririemacao.com\/1\/wp-json\/wp\/v2\/categories?post=311036"},{"taxonomy":"post_tag","embeddable":true,"href":"https:\/\/www.caririemacao.com\/1\/wp-json\/wp\/v2\/tags?post=311036"}],"curies":[{"name":"wp","href":"https:\/\/api.w.org\/{rel}","templated":true}]}}