{"id":311039,"date":"2026-03-11T08:43:10","date_gmt":"2026-03-11T11:43:10","guid":{"rendered":"https:\/\/www.caririemacao.com\/1\/?p=311039"},"modified":"2026-03-11T08:43:10","modified_gmt":"2026-03-11T11:43:10","slug":"senado-aprova-criacao-do-instituto-federal-do-sertao","status":"publish","type":"post","link":"https:\/\/www.caririemacao.com\/1\/2026\/03\/11\/senado-aprova-criacao-do-instituto-federal-do-sertao\/","title":{"rendered":"Senado aprova cria\u00e7\u00e3o do Instituto Federal do Sert\u00e3o"},"content":{"rendered":"<p>O plen\u00e1rio do Senado Federal aprovou por unanimidade, ontem ter\u00e7a-feira (10), o projeto que cria o Instituto Federal do Sert\u00e3o da Para\u00edba. A proposta, que j\u00e1 havia sido aprovada anteriormente pela C\u00e2mara dos Deputados, segue agora para san\u00e7\u00e3o do presidente Lula, etapa final para que a nova institui\u00e7\u00e3o de ensino se torne oficialmente realidade.<\/p>\n<p>A cria\u00e7\u00e3o do instituto \u00e9 considerada um marco para a educa\u00e7\u00e3o p\u00fablica no interior do estado, ao ampliar o acesso \u00e0 forma\u00e7\u00e3o t\u00e9cnica e ao ensino superior em uma das regi\u00f5es que historicamente enfrenta maiores desafios de desenvolvimento educacional e econ\u00f4mico.<\/p>\n<p>O projeto \u00e9 resultado direto da articula\u00e7\u00e3o entre o presidente da C\u00e2mara dos Deputados, Hugo Motta, o presidente Lula e o presidente do Senado Davi Alcolumbre.<\/p>\n<p>O deputado federal Hugo Motta destacou que a aprova\u00e7\u00e3o no Senado representa um passo decisivo para concretizar uma reivindica\u00e7\u00e3o antiga da popula\u00e7\u00e3o sertaneja.<\/p>\n<p>\u201cHoje demos mais um passo firme para que a cria\u00e7\u00e3o do Instituto Federal do Sert\u00e3o da Para\u00edba se torne realidade. O Senado aprovou por unanimidade o projeto que j\u00e1 havia passado pela C\u00e2mara, e agora ele segue para a san\u00e7\u00e3o presidencial. Vamos acompanhar at\u00e9 o \u00faltimo momento para que esse sonho antigo do povo sertanejo se concretize\u201d, afirmou Motta.<\/p>\n<p>Segundo o parlamentar, a nova institui\u00e7\u00e3o ter\u00e1 papel estrat\u00e9gico no fortalecimento da educa\u00e7\u00e3o p\u00fablica e no desenvolvimento regional. \u201cS\u00f3 sabe o valor de uma institui\u00e7\u00e3o como essa quem luta pela educa\u00e7\u00e3o. A cria\u00e7\u00e3o do instituto vai ampliar o acesso \u00e0 forma\u00e7\u00e3o t\u00e9cnica e superior, aumentar o n\u00famero de cursos e abrir novas oportunidades para a juventude do Sert\u00e3o\u201d, ressaltou.<\/p>\n<p>Hugo Motta tamb\u00e9m lembrou que a pauta vem sendo defendida desde o in\u00edcio de sua trajet\u00f3ria parlamentar. \u201cAcompanhamos essa luta desde o nosso primeiro mandato para que o Sert\u00e3o tivesse sua pr\u00f3pria institui\u00e7\u00e3o federal de ensino. Hoje estamos consolidando cada vez mais a realiza\u00e7\u00e3o desse sonho\u201d, disse.<\/p>\n<p>A expectativa \u00e9 que o Instituto Federal do Sert\u00e3o da Para\u00edba fortale\u00e7a a oferta de cursos t\u00e9cnicos, tecnol\u00f3gicos e superiores, contribuindo para a qualifica\u00e7\u00e3o profissional, gera\u00e7\u00e3o de oportunidades e dinamiza\u00e7\u00e3o da economia regional.<\/p>\n<p>Com a aprova\u00e7\u00e3o no Senado, o projeto entra em sua etapa final antes da implanta\u00e7\u00e3o do novo instituto, considerado uma das mais importantes conquistas recentes para a educa\u00e7\u00e3o p\u00fablica no interior paraibano.<\/p>\n<p>FONTE: MaisPB<\/p>\n","protected":false},"excerpt":{"rendered":"<p>O plen\u00e1rio do Senado Federal aprovou por unanimidade, ontem ter\u00e7a-feira (10), o projeto que cria o Instituto Federal do Sert\u00e3o da Para\u00edba. A proposta, que&hellip; <\/p>\n","protected":false},"author":6,"featured_media":311040,"comment_status":"closed","ping_status":"closed","sticky":false,"template":"","format":"standard","meta":{"sfsi_plus_gutenberg_text_before_share":"","sfsi_plus_gutenberg_show_text_before_share":"","sfsi_plus_gutenberg_icon_type":"","sfsi_plus_gutenberg_icon_alignemt":"","sfsi_plus_gutenburg_max_per_row":"","footnotes":""},"categories":[50,2,105],"tags":[],"class_list":["post-311039","post","type-post","status-publish","format-standard","has-post-thumbnail","hentry","category-destaque","category-geral","category-sertao"],"_links":{"self":[{"href":"https:\/\/www.caririemacao.com\/1\/wp-json\/wp\/v2\/posts\/311039","targetHints":{"allow":["GET"]}}],"collection":[{"href":"https:\/\/www.caririemacao.com\/1\/wp-json\/wp\/v2\/posts"}],"about":[{"href":"https:\/\/www.caririemacao.com\/1\/wp-json\/wp\/v2\/types\/post"}],"author":[{"embeddable":true,"href":"https:\/\/www.caririemacao.com\/1\/wp-json\/wp\/v2\/users\/6"}],"replies":[{"embeddable":true,"href":"https:\/\/www.caririemacao.com\/1\/wp-json\/wp\/v2\/comments?post=311039"}],"version-history":[{"count":1,"href":"https:\/\/www.caririemacao.com\/1\/wp-json\/wp\/v2\/posts\/311039\/revisions"}],"predecessor-version":[{"id":311041,"href":"https:\/\/www.caririemacao.com\/1\/wp-json\/wp\/v2\/posts\/311039\/revisions\/311041"}],"wp:featuredmedia":[{"embeddable":true,"href":"https:\/\/www.caririemacao.com\/1\/wp-json\/wp\/v2\/media\/311040"}],"wp:attachment":[{"href":"https:\/\/www.caririemacao.com\/1\/wp-json\/wp\/v2\/media?parent=311039"}],"wp:term":[{"taxonomy":"category","embeddable":true,"href":"https:\/\/www.caririemacao.com\/1\/wp-json\/wp\/v2\/categories?post=311039"},{"taxonomy":"post_tag","embeddable":true,"href":"https:\/\/www.caririemacao.com\/1\/wp-json\/wp\/v2\/tags?post=311039"}],"curies":[{"name":"wp","href":"https:\/\/api.w.org\/{rel}","templated":true}]}}