{"id":311042,"date":"2026-03-11T08:56:57","date_gmt":"2026-03-11T11:56:57","guid":{"rendered":"https:\/\/www.caririemacao.com\/1\/?p=311042"},"modified":"2026-03-11T08:56:57","modified_gmt":"2026-03-11T11:56:57","slug":"colisao-com-vaca-deixa-casal-ferido-na-br-110-em-monteiro","status":"publish","type":"post","link":"https:\/\/www.caririemacao.com\/1\/2026\/03\/11\/colisao-com-vaca-deixa-casal-ferido-na-br-110-em-monteiro\/","title":{"rendered":"Colis\u00e3o com vaca deixa casal ferido na BR-110, em Monteiro"},"content":{"rendered":"<p data-start=\"110\" data-end=\"301\">Um acidente registrado na noite desta ter\u00e7a-feira (10) deixou duas pessoas feridas na BR-110, na sa\u00edda do munic\u00edpio de Monteiro, no Cariri paraibano, em dire\u00e7\u00e3o \u00e0 cidade de Sert\u00e2nia (PE).<\/p>\n<p data-start=\"303\" data-end=\"469\">De acordo com informa\u00e7\u00f5es preliminares, um casal trafegava pela rodovia quando uma vaca atravessou a pista de forma repentina, provocando a colis\u00e3o com o ve\u00edculo.<\/p>\n<p data-start=\"471\" data-end=\"700\">Com o impacto, os dois ocupantes ficaram feridos. Equipes do Servi\u00e7o de Atendimento M\u00f3vel de Urg\u00eancia (Samu) foram acionadas e realizaram o socorro das v\u00edtimas, que foram encaminhadas para o Hospital Regional de Monteiro.<\/p>\n<p data-start=\"702\" data-end=\"839\">Segundo as informa\u00e7\u00f5es repassadas, o estado de sa\u00fade do casal \u00e9 considerado est\u00e1vel, e ambos apresentavam principalmente escoria\u00e7\u00f5es.<\/p>\n<p data-start=\"841\" data-end=\"1064\">O caso volta a chamar a aten\u00e7\u00e3o para o risco provocado pela presen\u00e7a de animais soltos nas rodovias da regi\u00e3o. Moradores relatam que situa\u00e7\u00f5es semelhantes s\u00e3o frequentes e j\u00e1 resultaram em acidentes graves e at\u00e9 mortes.<\/p>\n<p data-start=\"1066\" data-end=\"1338\" data-is-last-node=\"\" data-is-only-node=\"\">A popula\u00e7\u00e3o tamb\u00e9m cobra medidas mais rigorosas para o recolhimento de animais soltos nas estradas e a responsabiliza\u00e7\u00e3o dos propriet\u00e1rios, j\u00e1 que a presen\u00e7a de animais nas proximidades da BR-110 e de outras rodovias do Cariri continua sendo registrada com frequ\u00eancia.<\/p>\n<p data-start=\"1066\" data-end=\"1338\" data-is-last-node=\"\" data-is-only-node=\"\"><strong>CARIRI EM A\u00c7\u00c3O<\/strong><\/p>\n<p data-start=\"1066\" data-end=\"1338\" data-is-last-node=\"\" data-is-only-node=\"\"><em>Com O pipoco<\/em><\/p>\n","protected":false},"excerpt":{"rendered":"<p>Um acidente registrado na noite desta ter\u00e7a-feira (10) deixou duas pessoas feridas na BR-110, na sa\u00edda do munic\u00edpio de Monteiro, no Cariri paraibano, em dire\u00e7\u00e3o&hellip; <\/p>\n","protected":false},"author":6,"featured_media":311044,"comment_status":"closed","ping_status":"closed","sticky":false,"template":"","format":"standard","meta":{"sfsi_plus_gutenberg_text_before_share":"","sfsi_plus_gutenberg_show_text_before_share":"","sfsi_plus_gutenberg_icon_type":"","sfsi_plus_gutenberg_icon_alignemt":"","sfsi_plus_gutenburg_max_per_row":"","footnotes":""},"categories":[50,2,81,1],"tags":[],"class_list":["post-311042","post","type-post","status-publish","format-standard","has-post-thumbnail","hentry","category-destaque","category-geral","category-monteiro","category-o-site"],"_links":{"self":[{"href":"https:\/\/www.caririemacao.com\/1\/wp-json\/wp\/v2\/posts\/311042","targetHints":{"allow":["GET"]}}],"collection":[{"href":"https:\/\/www.caririemacao.com\/1\/wp-json\/wp\/v2\/posts"}],"about":[{"href":"https:\/\/www.caririemacao.com\/1\/wp-json\/wp\/v2\/types\/post"}],"author":[{"embeddable":true,"href":"https:\/\/www.caririemacao.com\/1\/wp-json\/wp\/v2\/users\/6"}],"replies":[{"embeddable":true,"href":"https:\/\/www.caririemacao.com\/1\/wp-json\/wp\/v2\/comments?post=311042"}],"version-history":[{"count":2,"href":"https:\/\/www.caririemacao.com\/1\/wp-json\/wp\/v2\/posts\/311042\/revisions"}],"predecessor-version":[{"id":311045,"href":"https:\/\/www.caririemacao.com\/1\/wp-json\/wp\/v2\/posts\/311042\/revisions\/311045"}],"wp:featuredmedia":[{"embeddable":true,"href":"https:\/\/www.caririemacao.com\/1\/wp-json\/wp\/v2\/media\/311044"}],"wp:attachment":[{"href":"https:\/\/www.caririemacao.com\/1\/wp-json\/wp\/v2\/media?parent=311042"}],"wp:term":[{"taxonomy":"category","embeddable":true,"href":"https:\/\/www.caririemacao.com\/1\/wp-json\/wp\/v2\/categories?post=311042"},{"taxonomy":"post_tag","embeddable":true,"href":"https:\/\/www.caririemacao.com\/1\/wp-json\/wp\/v2\/tags?post=311042"}],"curies":[{"name":"wp","href":"https:\/\/api.w.org\/{rel}","templated":true}]}}