{"id":311046,"date":"2026-03-11T09:00:07","date_gmt":"2026-03-11T12:00:07","guid":{"rendered":"https:\/\/www.caririemacao.com\/1\/?p=311046"},"modified":"2026-03-11T09:00:07","modified_gmt":"2026-03-11T12:00:07","slug":"estabelecimento-e-garagem-sao-arrombados-por-criminosos-no-centro-de-monteiro","status":"publish","type":"post","link":"https:\/\/www.caririemacao.com\/1\/2026\/03\/11\/estabelecimento-e-garagem-sao-arrombados-por-criminosos-no-centro-de-monteiro\/","title":{"rendered":"Estabelecimento e garagem s\u00e3o arrombados por criminosos no centro de Monteiro"},"content":{"rendered":"<p data-start=\"129\" data-end=\"279\">Dois casos de arrombamento registrados nos \u00faltimos dias no centro de Monteiro, no Cariri paraibano, t\u00eam preocupado moradores e comerciantes da cidade.<\/p>\n<p data-start=\"281\" data-end=\"613\">O caso mais recente ocorreu na madrugada desta ter\u00e7a-feira (10), quando um estabelecimento de conserto de geladeiras, localizado por tr\u00e1s da Igreja Matriz, foi alvo de criminosos. De acordo com informa\u00e7\u00f5es, os suspeitos arrombaram a porta do local e furtaram diversas ferramentas utilizadas pelo propriet\u00e1rio em seu trabalho di\u00e1rio.<\/p>\n<p data-start=\"615\" data-end=\"726\">Ap\u00f3s a a\u00e7\u00e3o, os criminosos fugiram e, at\u00e9 o momento, n\u00e3o h\u00e1 informa\u00e7\u00f5es sobre a identifica\u00e7\u00e3o dos respons\u00e1veis.<\/p>\n<p data-start=\"728\" data-end=\"945\">Outro caso semelhante foi registrado cerca de uma semana antes, tamb\u00e9m na \u00e1rea central da cidade. Uma garagem localizada a menos de 700 metros do primeiro local, nas proximidades de uma academia, tamb\u00e9m foi arrombada.<\/p>\n<p data-start=\"947\" data-end=\"1111\">Segundo relatos, os criminosos invadiram o espa\u00e7o e furtaram um aparelho de som automotivo e outros objetos que estavam dentro de um ve\u00edculo estacionado na garagem.<\/p>\n<p data-start=\"1113\" data-end=\"1299\" data-is-last-node=\"\" data-is-only-node=\"\">Os dois casos aumentaram a preocupa\u00e7\u00e3o de moradores e comerciantes da regi\u00e3o central de Monteiro, que cobram mais aten\u00e7\u00e3o das autoridades e refor\u00e7o na seguran\u00e7a para evitar novos crimes.<\/p>\n<p data-start=\"1113\" data-end=\"1299\" data-is-last-node=\"\" data-is-only-node=\"\">\n<p data-start=\"1113\" data-end=\"1299\" data-is-last-node=\"\" data-is-only-node=\"\"><strong>CARIRI EM A\u00c7\u00c3O<\/strong><\/p>\n<p data-start=\"1113\" data-end=\"1299\" data-is-last-node=\"\" data-is-only-node=\"\"><em>Com O Pipoco<\/em><\/p>\n","protected":false},"excerpt":{"rendered":"<p>Dois casos de arrombamento registrados nos \u00faltimos dias no centro de Monteiro, no Cariri paraibano, t\u00eam preocupado moradores e comerciantes da cidade. O caso mais&hellip; <\/p>\n","protected":false},"author":6,"featured_media":311047,"comment_status":"closed","ping_status":"closed","sticky":false,"template":"","format":"standard","meta":{"sfsi_plus_gutenberg_text_before_share":"","sfsi_plus_gutenberg_show_text_before_share":"","sfsi_plus_gutenberg_icon_type":"","sfsi_plus_gutenberg_icon_alignemt":"","sfsi_plus_gutenburg_max_per_row":"","footnotes":""},"categories":[50,2,81,12],"tags":[],"class_list":["post-311046","post","type-post","status-publish","format-standard","has-post-thumbnail","hentry","category-destaque","category-geral","category-monteiro","category-policia"],"_links":{"self":[{"href":"https:\/\/www.caririemacao.com\/1\/wp-json\/wp\/v2\/posts\/311046","targetHints":{"allow":["GET"]}}],"collection":[{"href":"https:\/\/www.caririemacao.com\/1\/wp-json\/wp\/v2\/posts"}],"about":[{"href":"https:\/\/www.caririemacao.com\/1\/wp-json\/wp\/v2\/types\/post"}],"author":[{"embeddable":true,"href":"https:\/\/www.caririemacao.com\/1\/wp-json\/wp\/v2\/users\/6"}],"replies":[{"embeddable":true,"href":"https:\/\/www.caririemacao.com\/1\/wp-json\/wp\/v2\/comments?post=311046"}],"version-history":[{"count":1,"href":"https:\/\/www.caririemacao.com\/1\/wp-json\/wp\/v2\/posts\/311046\/revisions"}],"predecessor-version":[{"id":311048,"href":"https:\/\/www.caririemacao.com\/1\/wp-json\/wp\/v2\/posts\/311046\/revisions\/311048"}],"wp:featuredmedia":[{"embeddable":true,"href":"https:\/\/www.caririemacao.com\/1\/wp-json\/wp\/v2\/media\/311047"}],"wp:attachment":[{"href":"https:\/\/www.caririemacao.com\/1\/wp-json\/wp\/v2\/media?parent=311046"}],"wp:term":[{"taxonomy":"category","embeddable":true,"href":"https:\/\/www.caririemacao.com\/1\/wp-json\/wp\/v2\/categories?post=311046"},{"taxonomy":"post_tag","embeddable":true,"href":"https:\/\/www.caririemacao.com\/1\/wp-json\/wp\/v2\/tags?post=311046"}],"curies":[{"name":"wp","href":"https:\/\/api.w.org\/{rel}","templated":true}]}}