{"id":311049,"date":"2026-03-11T09:02:25","date_gmt":"2026-03-11T12:02:25","guid":{"rendered":"https:\/\/www.caririemacao.com\/1\/?p=311049"},"modified":"2026-03-11T09:02:25","modified_gmt":"2026-03-11T12:02:25","slug":"motociclista-morre-em-grave-acidente-na-pb-196-entre-barra-de-sao-miguel-e-santa-cruz-do-capibaribe","status":"publish","type":"post","link":"https:\/\/www.caririemacao.com\/1\/2026\/03\/11\/motociclista-morre-em-grave-acidente-na-pb-196-entre-barra-de-sao-miguel-e-santa-cruz-do-capibaribe\/","title":{"rendered":"Motociclista morre em grave acidente na PB-196 entre Barra de S\u00e3o Miguel e Santa Cruz do Capibaribe"},"content":{"rendered":"<p data-start=\"151\" data-end=\"426\">Um grave acidente de tr\u00e2nsito com v\u00edtima fatal foi registrado nas primeiras horas da manh\u00e3 desta quarta-feira (11), na rodovia PB-196, no trecho que liga o munic\u00edpio de Barra de S\u00e3o Miguel, no Cariri paraibano, \u00e0 cidade de Santa Cruz do Capibaribe, em Pernambuco.<\/p>\n<p data-start=\"428\" data-end=\"705\">De acordo com as primeiras informa\u00e7\u00f5es, a v\u00edtima foi identificada apenas como Valdin, pai de Cleide, bastante conhecido na regi\u00e3o. Ele conduzia uma motocicleta quando ocorreu o acidente. Com o impacto, o motociclista n\u00e3o resistiu aos ferimentos e morreu ainda no local.<\/p>\n<p data-start=\"707\" data-end=\"918\">Equipes de socorro e autoridades policiais foram acionadas para atender \u00e0 ocorr\u00eancia. A \u00e1rea foi isolada para a realiza\u00e7\u00e3o da per\u00edcia, e o corpo da v\u00edtima foi removido pelo Instituto de Medicina Legal (IML).<\/p>\n<p data-start=\"920\" data-end=\"1050\" data-is-last-node=\"\" data-is-only-node=\"\">As circunst\u00e2ncias do acidente ainda ser\u00e3o investigadas pelas autoridades competentes, que dever\u00e3o apurar as causas da colis\u00e3o.<\/p>\n<p data-start=\"920\" data-end=\"1050\" data-is-last-node=\"\" data-is-only-node=\"\">\n<p data-start=\"920\" data-end=\"1050\" data-is-last-node=\"\" data-is-only-node=\"\"><strong>CARIRI EM A\u00c7\u00c3O<\/strong><\/p>\n<p data-start=\"920\" data-end=\"1050\" data-is-last-node=\"\" data-is-only-node=\"\"><em>Com Cariri In Foco<\/em><\/p>\n","protected":false},"excerpt":{"rendered":"<p>Um grave acidente de tr\u00e2nsito com v\u00edtima fatal foi registrado nas primeiras horas da manh\u00e3 desta quarta-feira (11), na rodovia PB-196, no trecho que liga&hellip; <\/p>\n","protected":false},"author":6,"featured_media":311050,"comment_status":"closed","ping_status":"closed","sticky":false,"template":"","format":"standard","meta":{"sfsi_plus_gutenberg_text_before_share":"","sfsi_plus_gutenberg_show_text_before_share":"","sfsi_plus_gutenberg_icon_type":"","sfsi_plus_gutenberg_icon_alignemt":"","sfsi_plus_gutenburg_max_per_row":"","footnotes":""},"categories":[144,50,2,12],"tags":[],"class_list":["post-311049","post","type-post","status-publish","format-standard","has-post-thumbnail","hentry","category-barra-de-sao-miguel","category-destaque","category-geral","category-policia"],"_links":{"self":[{"href":"https:\/\/www.caririemacao.com\/1\/wp-json\/wp\/v2\/posts\/311049","targetHints":{"allow":["GET"]}}],"collection":[{"href":"https:\/\/www.caririemacao.com\/1\/wp-json\/wp\/v2\/posts"}],"about":[{"href":"https:\/\/www.caririemacao.com\/1\/wp-json\/wp\/v2\/types\/post"}],"author":[{"embeddable":true,"href":"https:\/\/www.caririemacao.com\/1\/wp-json\/wp\/v2\/users\/6"}],"replies":[{"embeddable":true,"href":"https:\/\/www.caririemacao.com\/1\/wp-json\/wp\/v2\/comments?post=311049"}],"version-history":[{"count":1,"href":"https:\/\/www.caririemacao.com\/1\/wp-json\/wp\/v2\/posts\/311049\/revisions"}],"predecessor-version":[{"id":311051,"href":"https:\/\/www.caririemacao.com\/1\/wp-json\/wp\/v2\/posts\/311049\/revisions\/311051"}],"wp:featuredmedia":[{"embeddable":true,"href":"https:\/\/www.caririemacao.com\/1\/wp-json\/wp\/v2\/media\/311050"}],"wp:attachment":[{"href":"https:\/\/www.caririemacao.com\/1\/wp-json\/wp\/v2\/media?parent=311049"}],"wp:term":[{"taxonomy":"category","embeddable":true,"href":"https:\/\/www.caririemacao.com\/1\/wp-json\/wp\/v2\/categories?post=311049"},{"taxonomy":"post_tag","embeddable":true,"href":"https:\/\/www.caririemacao.com\/1\/wp-json\/wp\/v2\/tags?post=311049"}],"curies":[{"name":"wp","href":"https:\/\/api.w.org\/{rel}","templated":true}]}}