{"id":311052,"date":"2026-03-11T09:25:43","date_gmt":"2026-03-11T12:25:43","guid":{"rendered":"https:\/\/www.caririemacao.com\/1\/?p=311052"},"modified":"2026-03-11T09:25:43","modified_gmt":"2026-03-11T12:25:43","slug":"prefeito-da-prata-assina-ordem-de-servico-para-abastecimento-dagua-na-comunidade-balanco","status":"publish","type":"post","link":"https:\/\/www.caririemacao.com\/1\/2026\/03\/11\/prefeito-da-prata-assina-ordem-de-servico-para-abastecimento-dagua-na-comunidade-balanco\/","title":{"rendered":"Prefeito da Prata assina ordem de servi\u00e7o para abastecimento d\u2019\u00e1gua na comunidade Balan\u00e7o"},"content":{"rendered":"<p>O prefeito de Prata, Genivaldo Temb\u00f3rio, assinou a ordem de servi\u00e7o para a execu\u00e7\u00e3o da obra de abastecimento d\u2019\u00e1gua na comunidade Balan\u00e7o. A a\u00e7\u00e3o representa um importante avan\u00e7o para os moradores da localidade, que aguardavam por melhorias no acesso \u00e0 \u00e1gua.<\/p>\n<p>O investimento total na obra \u00e9 de R$ 391.632,18 (trezentos e noventa e um mil, seiscentos e trinta e dois reais e dezoito centavos). Os recursos s\u00e3o provenientes de emenda parlamentar do deputado federal Wellington Roberto.<\/p>\n<p>Segundo a gest\u00e3o municipal, a obra tem como objetivo garantir mais qualidade de vida para as fam\u00edlias da comunidade, assegurando o abastecimento de \u00e1gua de forma regular e segura.<\/p>\n<p>Durante a assinatura da ordem de servi\u00e7o, o prefeito destacou a import\u00e2ncia da parceria com o parlamentar e reafirmou o compromisso da administra\u00e7\u00e3o municipal em buscar investimentos que tragam melhorias para a popula\u00e7\u00e3o.<\/p>\n<p>A expectativa \u00e9 que, ap\u00f3s a conclus\u00e3o da obra, diversas fam\u00edlias da comunidade Balan\u00e7o passem a contar com um sistema de abastecimento mais eficiente, reduzindo as dificuldades enfrentadas principalmente em per\u00edodos de estiagem.<\/p>\n<div class=\"sharedaddy sd-sharing-enabled\"><\/div>\n","protected":false},"excerpt":{"rendered":"<p>O prefeito de Prata, Genivaldo Temb\u00f3rio, assinou a ordem de servi\u00e7o para a execu\u00e7\u00e3o da obra de abastecimento d\u2019\u00e1gua na comunidade Balan\u00e7o. A a\u00e7\u00e3o representa&hellip; <\/p>\n","protected":false},"author":6,"featured_media":311053,"comment_status":"closed","ping_status":"closed","sticky":false,"template":"","format":"standard","meta":{"sfsi_plus_gutenberg_text_before_share":"","sfsi_plus_gutenberg_show_text_before_share":"","sfsi_plus_gutenberg_icon_type":"","sfsi_plus_gutenberg_icon_alignemt":"","sfsi_plus_gutenburg_max_per_row":"","footnotes":""},"categories":[50,2,85],"tags":[],"class_list":["post-311052","post","type-post","status-publish","format-standard","has-post-thumbnail","hentry","category-destaque","category-geral","category-prata"],"_links":{"self":[{"href":"https:\/\/www.caririemacao.com\/1\/wp-json\/wp\/v2\/posts\/311052","targetHints":{"allow":["GET"]}}],"collection":[{"href":"https:\/\/www.caririemacao.com\/1\/wp-json\/wp\/v2\/posts"}],"about":[{"href":"https:\/\/www.caririemacao.com\/1\/wp-json\/wp\/v2\/types\/post"}],"author":[{"embeddable":true,"href":"https:\/\/www.caririemacao.com\/1\/wp-json\/wp\/v2\/users\/6"}],"replies":[{"embeddable":true,"href":"https:\/\/www.caririemacao.com\/1\/wp-json\/wp\/v2\/comments?post=311052"}],"version-history":[{"count":1,"href":"https:\/\/www.caririemacao.com\/1\/wp-json\/wp\/v2\/posts\/311052\/revisions"}],"predecessor-version":[{"id":311054,"href":"https:\/\/www.caririemacao.com\/1\/wp-json\/wp\/v2\/posts\/311052\/revisions\/311054"}],"wp:featuredmedia":[{"embeddable":true,"href":"https:\/\/www.caririemacao.com\/1\/wp-json\/wp\/v2\/media\/311053"}],"wp:attachment":[{"href":"https:\/\/www.caririemacao.com\/1\/wp-json\/wp\/v2\/media?parent=311052"}],"wp:term":[{"taxonomy":"category","embeddable":true,"href":"https:\/\/www.caririemacao.com\/1\/wp-json\/wp\/v2\/categories?post=311052"},{"taxonomy":"post_tag","embeddable":true,"href":"https:\/\/www.caririemacao.com\/1\/wp-json\/wp\/v2\/tags?post=311052"}],"curies":[{"name":"wp","href":"https:\/\/api.w.org\/{rel}","templated":true}]}}