{"id":311058,"date":"2026-03-11T15:43:18","date_gmt":"2026-03-11T18:43:18","guid":{"rendered":"https:\/\/www.caririemacao.com\/1\/?p=311058"},"modified":"2026-03-11T15:43:18","modified_gmt":"2026-03-11T18:43:18","slug":"santo-andre-recebe-carro-novo-para-saude-com-emenda-de-dr-romualdo","status":"publish","type":"post","link":"https:\/\/www.caririemacao.com\/1\/2026\/03\/11\/santo-andre-recebe-carro-novo-para-saude-com-emenda-de-dr-romualdo\/","title":{"rendered":"Santo Andr\u00e9 recebe carro novo para sa\u00fade com emenda de Dr. Romualdo"},"content":{"rendered":"<p>A sa\u00fade de Santo Andr\u00e9 ganhou um importante refor\u00e7o nesta quarta-feira (11). Em solenidade realizada no munic\u00edpio, o prefeito Edglei Amorim (PP), ao lado de sua equipe administrativa, entregou um ve\u00edculo novo que passa a integrar a frota da Secretaria de Sa\u00fade. O autom\u00f3vel foi adquirido por meio de emenda parlamentar destinada pelo deputado estadual Dr. Romualdo (MDB).<\/p>\n<p>A conquista atende a um pedido do presidente da C\u00e2mara Municipal, Leandro da Oficina, que destacou a presen\u00e7a constante do parlamentar no munic\u00edpio e o compromisso com a popula\u00e7\u00e3o.<br \/>\n\u201cDr. Romualdo \u00e9 um deputado presente, que escuta as pessoas e gosta do povo como n\u00f3s. Al\u00e9m disso, garante investimentos importantes para Santo Andr\u00e9. Em breve, devemos ter mais novidades\u201d, afirmou o vereador.<\/p>\n<p>Com pouco mais de tr\u00eas anos de mandato, Dr. Romualdo vem consolidando uma atua\u00e7\u00e3o marcada pela destina\u00e7\u00e3o de recursos e investimentos para a regi\u00e3o do Cariri, contemplando praticamente todos os munic\u00edpios com a\u00e7\u00f5es e obras em diversas \u00e1reas.<\/p>\n<p>Durante a entrega, o deputado refor\u00e7ou que a proximidade com a popula\u00e7\u00e3o \u00e9 uma marca do seu mandato.<\/p>\n<p>\u201cCostumo dizer que nosso mandato pertence ao povo, e isso n\u00e3o \u00e9 apenas ret\u00f3rica, \u00e9 pr\u00e1tica. Continuar morando no Congo me permite estar perto das pessoas todos os dias, ouvindo suas necessidades e transformando essa escuta em a\u00e7\u00f5es concretas\u201d, destacou o m\u00e9dico e parlamentar.<\/p>\n","protected":false},"excerpt":{"rendered":"<p>A sa\u00fade de Santo Andr\u00e9 ganhou um importante refor\u00e7o nesta quarta-feira (11). Em solenidade realizada no munic\u00edpio, o prefeito Edglei Amorim (PP), ao lado de&hellip; <\/p>\n","protected":false},"author":6,"featured_media":311060,"comment_status":"closed","ping_status":"closed","sticky":false,"template":"","format":"standard","meta":{"sfsi_plus_gutenberg_text_before_share":"","sfsi_plus_gutenberg_show_text_before_share":"","sfsi_plus_gutenberg_icon_type":"","sfsi_plus_gutenberg_icon_alignemt":"","sfsi_plus_gutenburg_max_per_row":"","footnotes":""},"categories":[50,2,86],"tags":[],"class_list":["post-311058","post","type-post","status-publish","format-standard","has-post-thumbnail","hentry","category-destaque","category-geral","category-santo-andre"],"_links":{"self":[{"href":"https:\/\/www.caririemacao.com\/1\/wp-json\/wp\/v2\/posts\/311058","targetHints":{"allow":["GET"]}}],"collection":[{"href":"https:\/\/www.caririemacao.com\/1\/wp-json\/wp\/v2\/posts"}],"about":[{"href":"https:\/\/www.caririemacao.com\/1\/wp-json\/wp\/v2\/types\/post"}],"author":[{"embeddable":true,"href":"https:\/\/www.caririemacao.com\/1\/wp-json\/wp\/v2\/users\/6"}],"replies":[{"embeddable":true,"href":"https:\/\/www.caririemacao.com\/1\/wp-json\/wp\/v2\/comments?post=311058"}],"version-history":[{"count":1,"href":"https:\/\/www.caririemacao.com\/1\/wp-json\/wp\/v2\/posts\/311058\/revisions"}],"predecessor-version":[{"id":311061,"href":"https:\/\/www.caririemacao.com\/1\/wp-json\/wp\/v2\/posts\/311058\/revisions\/311061"}],"wp:featuredmedia":[{"embeddable":true,"href":"https:\/\/www.caririemacao.com\/1\/wp-json\/wp\/v2\/media\/311060"}],"wp:attachment":[{"href":"https:\/\/www.caririemacao.com\/1\/wp-json\/wp\/v2\/media?parent=311058"}],"wp:term":[{"taxonomy":"category","embeddable":true,"href":"https:\/\/www.caririemacao.com\/1\/wp-json\/wp\/v2\/categories?post=311058"},{"taxonomy":"post_tag","embeddable":true,"href":"https:\/\/www.caririemacao.com\/1\/wp-json\/wp\/v2\/tags?post=311058"}],"curies":[{"name":"wp","href":"https:\/\/api.w.org\/{rel}","templated":true}]}}