{"id":311062,"date":"2026-03-11T15:44:09","date_gmt":"2026-03-11T18:44:09","guid":{"rendered":"https:\/\/www.caririemacao.com\/1\/?p=311062"},"modified":"2026-03-11T15:44:09","modified_gmt":"2026-03-11T18:44:09","slug":"justica-arquiva-inquerito-sobre-morte-de-jovem-atacado-por-leoa-no-parque-da-bica","status":"publish","type":"post","link":"https:\/\/www.caririemacao.com\/1\/2026\/03\/11\/justica-arquiva-inquerito-sobre-morte-de-jovem-atacado-por-leoa-no-parque-da-bica\/","title":{"rendered":"Justi\u00e7a arquiva inqu\u00e9rito sobre morte de jovem atacado por leoa no Parque da Bica"},"content":{"rendered":"<p>A ju\u00edza Michelini de Oliveira Dantas Jatob\u00e1, da 1\u00aa Vara Regional das Garantias, determinou, no fim do m\u00eas passado, o arquivamento do inqu\u00e9rito instaurado pela 2\u00aa Delegacia Distrital da Capital para investigar as causas da morte do jovem Gerson de Melo Machado, atacado pela leoa Leona dentro do recinto do animal do Parque Arruda C\u00e2mara, na Capital, em 30 de novembro do ano passado.<\/p>\n<p>Na decis\u00e3o, que a reportagem\u00a0teve acesso nesta quarta-feira (11), a magistrada entendeu que os elementos colhidos pelos investigadores no decorrer da investiga\u00e7\u00e3o concluiu que n\u00e3o h\u00e1 responsabilidade de terceiros.<\/p>\n<p>\u201cNo tocante \u00e0 autoria e \u00e0 tipicidade penal, a an\u00e1lise dos elementos informativos colhidos durante o inquisit\u00f3rio aponta, de forma inequ\u00edvoca, para a aus\u00eancia de responsabilidade criminal de terceiros. A din\u00e2mica dos fatos demonstra que a conduta da v\u00edtima foi o fator determinante e exclusivo para a ocorr\u00eancia do resultado morte\u201d, entendeu a ju\u00edza.<\/p>\n<p>A conclus\u00e3o se deu por ap\u00f3s ser constado que \u201cVaqueirinho agiu de forma volunt\u00e1ria e deliberada ao escalar as barreiras de prote\u00e7\u00e3o do recinto\u201d e \u201cmesmo advertido pelos agentes de seguran\u00e7a e por populares que se encontravam no local, Gerson transp\u00f4s os obst\u00e1culos f\u00edsicos e adentrou o espa\u00e7o confinado\u201d.<\/p>\n<blockquote class=\"wp-block-quote is-layout-flow wp-block-quote-is-layout-flow\"><p><em>\u201cA investiga\u00e7\u00e3o apurou que a v\u00edtima utilizou-se de uma \u00e1rvore da esp\u00e9cie Cecropia sp. (emba\u00faba) para descer ao interior da jaula, momento em que o instinto territorial do animal foi acionado, resultando no ataque fatal. A rapidez da a\u00e7\u00e3o da v\u00edtima impossibilitou qualquer interven\u00e7\u00e3o eficaz por parte da equipe de seguran\u00e7a do parque para evitar o ingresso no recinto\u201d,\u00a0<\/em>despachou Jatob\u00e1.<\/p><\/blockquote>\n<p>Al\u00e9m disso, a Justi\u00e7a concluiu que, seguindo o que apontou o IBAMA em um relat\u00f3rio, a Bica \u201catendeu rigorosamente aos padr\u00f5es de seguran\u00e7a e metragens exigidos pela legisla\u00e7\u00e3o vigente\u201d.<\/p>\n<p>\u201cO referido laudo t\u00e9cnico atesta que a estrutura possui muros de alvenaria com altura elevada, estimada em 8,0 metros, al\u00e9m de telas de prote\u00e7\u00e3o inclinadas em 45 graus (negativa), projetadas especificamente para impedir fugas dos animais e dificultar invas\u00f5es externas. Tais barreiras f\u00edsicas demonstram que o Estado, na administra\u00e7\u00e3o do parque, observou o dever de cuidado objetivo necess\u00e1rio para a manuten\u00e7\u00e3o de animais de tal porte\u201d, prosseguiu a magistrada.<\/p>\n<blockquote class=\"wp-block-quote is-layout-flow wp-block-quote-is-layout-flow\"><p><em>\u201cN\u00e3o se vislumbra, portanto, qualquer neglig\u00eancia, imprud\u00eancia ou imper\u00edcia por parte dos tratadores, bi\u00f3logos ou da administra\u00e7\u00e3o do Parque Zoobot\u00e2nico. A bi\u00f3loga Mar\u00edlia Gabriela Maia e o tratador Everton Bruno de Brito Lima confirmaram a regularidade do manejo e a higidez das instala\u00e7\u00f5es, corroborando a conclus\u00e3o de que o evento escapou \u00e0 esfera de previsibilidade e controle dos respons\u00e1veis, dada a a\u00e7\u00e3o inusitada da v\u00edtima\u201d.\u00a0<\/em><\/p><\/blockquote>\n<p><strong>Sa\u00fade mental\u00a0<\/strong><\/p>\n<p>Na decis\u00e3o do arquivamento, a ju\u00edza tamb\u00e9m elencou o hist\u00f3rico de sa\u00fade mental de Gerson de Melo, conforme foi acostado pela conselheira tutelar Ver\u00f4nica Silva de Oliveira,<\/p>\n<p>\u201cSob a \u00f3tica estritamente penal, tal circunst\u00e2ncia refor\u00e7a a aus\u00eancia de dolo ou culpa de terceiros. Para que houvesse a configura\u00e7\u00e3o de crime, seria necess\u00e1rio estabelecer um nexo causal entre uma a\u00e7\u00e3o ou omiss\u00e3o de terceiros e o resultado morte. No caso em tela, o nexo de causalidade foi rompido pela conduta exclusiva da v\u00edtima, que se colocou voluntariamente em situa\u00e7\u00e3o de perigo extremo, transpondo barreiras de seguran\u00e7a eficazes e ignorando alertas verbais\u201d, disse a ju\u00edza.<\/p>\n<p><em>Com MaisPB<\/em><\/p>\n","protected":false},"excerpt":{"rendered":"<p>A ju\u00edza Michelini de Oliveira Dantas Jatob\u00e1, da 1\u00aa Vara Regional das Garantias, determinou, no fim do m\u00eas passado, o arquivamento do inqu\u00e9rito instaurado pela&hellip; <\/p>\n","protected":false},"author":6,"featured_media":311059,"comment_status":"closed","ping_status":"closed","sticky":false,"template":"","format":"standard","meta":{"sfsi_plus_gutenberg_text_before_share":"","sfsi_plus_gutenberg_show_text_before_share":"","sfsi_plus_gutenberg_icon_type":"","sfsi_plus_gutenberg_icon_alignemt":"","sfsi_plus_gutenburg_max_per_row":"","footnotes":""},"categories":[50,2,104],"tags":[],"class_list":["post-311062","post","type-post","status-publish","format-standard","has-post-thumbnail","hentry","category-destaque","category-geral","category-paraiba"],"_links":{"self":[{"href":"https:\/\/www.caririemacao.com\/1\/wp-json\/wp\/v2\/posts\/311062","targetHints":{"allow":["GET"]}}],"collection":[{"href":"https:\/\/www.caririemacao.com\/1\/wp-json\/wp\/v2\/posts"}],"about":[{"href":"https:\/\/www.caririemacao.com\/1\/wp-json\/wp\/v2\/types\/post"}],"author":[{"embeddable":true,"href":"https:\/\/www.caririemacao.com\/1\/wp-json\/wp\/v2\/users\/6"}],"replies":[{"embeddable":true,"href":"https:\/\/www.caririemacao.com\/1\/wp-json\/wp\/v2\/comments?post=311062"}],"version-history":[{"count":1,"href":"https:\/\/www.caririemacao.com\/1\/wp-json\/wp\/v2\/posts\/311062\/revisions"}],"predecessor-version":[{"id":311063,"href":"https:\/\/www.caririemacao.com\/1\/wp-json\/wp\/v2\/posts\/311062\/revisions\/311063"}],"wp:featuredmedia":[{"embeddable":true,"href":"https:\/\/www.caririemacao.com\/1\/wp-json\/wp\/v2\/media\/311059"}],"wp:attachment":[{"href":"https:\/\/www.caririemacao.com\/1\/wp-json\/wp\/v2\/media?parent=311062"}],"wp:term":[{"taxonomy":"category","embeddable":true,"href":"https:\/\/www.caririemacao.com\/1\/wp-json\/wp\/v2\/categories?post=311062"},{"taxonomy":"post_tag","embeddable":true,"href":"https:\/\/www.caririemacao.com\/1\/wp-json\/wp\/v2\/tags?post=311062"}],"curies":[{"name":"wp","href":"https:\/\/api.w.org\/{rel}","templated":true}]}}