{"id":311067,"date":"2026-03-11T18:32:52","date_gmt":"2026-03-11T21:32:52","guid":{"rendered":"https:\/\/www.caririemacao.com\/1\/?p=311067"},"modified":"2026-03-11T18:32:52","modified_gmt":"2026-03-11T21:32:52","slug":"se-voce-lidera-pessoas-em-monteiro-essa-pode-ser-sua-unica-chance-de-viver-o-lideranca-humanizada-neste-semestre","status":"publish","type":"post","link":"https:\/\/www.caririemacao.com\/1\/2026\/03\/11\/se-voce-lidera-pessoas-em-monteiro-essa-pode-ser-sua-unica-chance-de-viver-o-lideranca-humanizada-neste-semestre\/","title":{"rendered":"Se voc\u00ea lidera pessoas em Monteiro, essa pode ser sua \u00fanica chance de viver o Lideran\u00e7a Humanizada neste semestre"},"content":{"rendered":"<p>Monteiro\/PB j\u00e1 viveu algumas turmas do Treinamento Lideran\u00e7a Humanizada no ano passado\u2026<br \/>\ne quem participou sabe o impacto que foi.<\/p>\n<p>Foram momentos intensos de reflex\u00e3o, viv\u00eancias pr\u00e1ticas e mudan\u00e7as reais na forma de liderar pessoas.<\/p>\n<p>Recebemos diversos depoimentos de empres\u00e1rios, l\u00edderes e gestores da regi\u00e3o que come\u00e7aram a aplicar no dia a dia o que aprenderam no treinamento.<\/p>\n<p><img decoding=\"async\" class=\"alignnone size-full wp-image-311069\" src=\"https:\/\/www.caririemacao.com\/1\/wp-content\/uploads\/2026\/03\/IMG_9582.heic\" alt=\"\" \/><img fetchpriority=\"high\" decoding=\"async\" class=\" wp-image-311071 aligncenter\" src=\"https:\/\/www.caririemacao.com\/1\/wp-content\/uploads\/2026\/03\/IMG_9582-300x169.webp\" alt=\"\" width=\"405\" height=\"228\" srcset=\"https:\/\/www.caririemacao.com\/1\/wp-content\/uploads\/2026\/03\/IMG_9582-300x169.webp 300w, https:\/\/www.caririemacao.com\/1\/wp-content\/uploads\/2026\/03\/IMG_9582-1280x720.webp 1280w, https:\/\/www.caririemacao.com\/1\/wp-content\/uploads\/2026\/03\/IMG_9582-768x432.webp 768w, https:\/\/www.caririemacao.com\/1\/wp-content\/uploads\/2026\/03\/IMG_9582-1536x864.webp 1536w, https:\/\/www.caririemacao.com\/1\/wp-content\/uploads\/2026\/03\/IMG_9582-2048x1152.webp 2048w, https:\/\/www.caririemacao.com\/1\/wp-content\/uploads\/2026\/03\/IMG_9582-1920x1080.webp 1920w\" sizes=\"(max-width: 405px) 100vw, 405px\" \/><\/p>\n<p>E agora temos uma not\u00edcia importante:<\/p>\n<p>Monteiro ter\u00e1 uma nova turma do Lideran\u00e7a Humanizada.<br \/>\nE ser\u00e1 a \u00fanica turma neste primeiro semestre de 2026.<\/p>\n<p>&#x1f4cd; 22 de mar\u00e7o \u2014 Monteiro\/PB<\/p>\n<h3><b>Um detalhe que marcou muito a \u00faltima edi\u00e7\u00e3o<\/b><\/h3>\n<p>Na \u00faltima edi\u00e7\u00e3o realizada em Monteiro, o treinamento contou com a participa\u00e7\u00e3o do casal M\u00e1rio e Sandra, propriet\u00e1rios do Supermercado Bom Demais, uma das empresas refer\u00eancia da cidade de Monteiro pela sua hist\u00f3ria, crescimento e qualidade no atendimento.<\/p>\n<p>Apesar de j\u00e1 terem participado de diversos treinamentos \u2014 inclusive forma\u00e7\u00f5es completas oferecidas dentro da pr\u00f3pria rede de supermercados \u2014 o depoimento deles ap\u00f3s o LH chamou aten\u00e7\u00e3o:<\/p>\n<p><img decoding=\"async\" class=\"wp-image-311072 aligncenter lazyload\" data-src=\"https:\/\/www.caririemacao.com\/1\/wp-content\/uploads\/2026\/03\/WhatsApp-Image-2025-10-26-at-22.16.05-1-300x225.jpeg\" alt=\"\" width=\"400\" height=\"300\" data-srcset=\"https:\/\/www.caririemacao.com\/1\/wp-content\/uploads\/2026\/03\/WhatsApp-Image-2025-10-26-at-22.16.05-1-300x225.jpeg 300w, https:\/\/www.caririemacao.com\/1\/wp-content\/uploads\/2026\/03\/WhatsApp-Image-2025-10-26-at-22.16.05-1-768x576.jpeg 768w, https:\/\/www.caririemacao.com\/1\/wp-content\/uploads\/2026\/03\/WhatsApp-Image-2025-10-26-at-22.16.05-1.jpeg 1280w\" data-sizes=\"(max-width: 400px) 100vw, 400px\" src=\"data:image\/svg+xml;base64,PHN2ZyB3aWR0aD0iMSIgaGVpZ2h0PSIxIiB4bWxucz0iaHR0cDovL3d3dy53My5vcmcvMjAwMC9zdmciPjwvc3ZnPg==\" style=\"--smush-placeholder-width: 400px; --smush-placeholder-aspect-ratio: 400\/300;\" \/><\/p>\n<p>\u201cNunca fizemos nada parecido com o Lideran\u00e7a Humanizada.\u201d<\/p>\n<p>Para muitos empres\u00e1rios, essa frase resume um sentimento comum:<\/p>\n<p>A frustra\u00e7\u00e3o de investir em treinamentos que ensinam teoria\u2026 mas n\u00e3o mudam nada na pr\u00e1tica.<\/p>\n<h2><b>Por que o Lideran\u00e7a Humanizada \u00e9 diferente?<\/b><\/h2>\n<p>Porque aqui n\u00e3o \u00e9 s\u00f3 conte\u00fado.<\/p>\n<p>O treinamento foi criado para quem lidera pessoas na vida real e precisa lidar com desafios todos os dias.<\/p>\n<p>Durante o LH voc\u00ea aprende, na pr\u00e1tica:<\/p>\n<ul>\n<li>Como desenvolver intelig\u00eancia emocional para liderar sem desgaste<br \/>\n\u2022 Como dar feedback da forma certa sem gerar conflitos<br \/>\n\u2022 Como comunicar com clareza e autoridade<br \/>\n\u2022 Como entender o perfil comportamental da sua equipe<br \/>\n\u2022 Como gerar mais engajamento, responsabilidade e resultado no time<\/li>\n<\/ul>\n<p>Tudo isso atrav\u00e9s de uma metodologia vivencial, baseada em neuroci\u00eancia, lideran\u00e7a, gest\u00e3o de pessoas e PNL, que faz com que o aprendizado n\u00e3o fique s\u00f3 na teoria.<\/p>\n<p>Voc\u00ea vive o aprendizado.<\/p>\n<h2><b>Assista aos depoimentos e conhe\u00e7a todos os detalhes do treinamento<\/b><\/h2>\n<p>Na p\u00e1gina oficial do Lideran\u00e7a Humanizada voc\u00ea poder\u00e1:<\/p>\n<ul>\n<li>Assistir dezenas de depoimentos reais de quem j\u00e1 participou<br \/>\n\u2022 Ver o depoimento de M\u00e1rio e Sandra, do Supermercado Bom Demais<br \/>\n\u2022 Entender como funciona a metodologia vivencial do treinamento<br \/>\n\u2022 Conhecer todos os conte\u00fados e temas que s\u00e3o trabalhados no LH<\/li>\n<\/ul>\n<p>&#x1f449; Acesse a p\u00e1gina oficial e garanta sua inscri\u00e7\u00e3o nesta turma:<br \/>\n<a href=\"https:\/\/www.brunapoitevin.com.br\/liderancahumanizada\">https:\/\/www.brunapoitevin.com.br\/liderancahumanizada<\/a><\/p>\n<p>&#x26a0;&#xfe0f; As vagas s\u00e3o limitadas e a turma de Monteiro ser\u00e1 a \u00fanica neste semestre.<\/p>\n<p>Se voc\u00ea lidera pessoas ou tem um neg\u00f3cio e quer evoluir como l\u00edder, essa \u00e9 a oportunidade de viver essa experi\u00eancia.<\/p>\n","protected":false},"excerpt":{"rendered":"<p>Monteiro\/PB j\u00e1 viveu algumas turmas do Treinamento Lideran\u00e7a Humanizada no ano passado\u2026 e quem participou sabe o impacto que foi. Foram momentos intensos de reflex\u00e3o,&hellip; <\/p>\n","protected":false},"author":6,"featured_media":311068,"comment_status":"closed","ping_status":"closed","sticky":false,"template":"","format":"standard","meta":{"sfsi_plus_gutenberg_text_before_share":"","sfsi_plus_gutenberg_show_text_before_share":"","sfsi_plus_gutenberg_icon_type":"","sfsi_plus_gutenberg_icon_alignemt":"","sfsi_plus_gutenburg_max_per_row":"","footnotes":""},"categories":[50,2,81,1],"tags":[],"class_list":["post-311067","post","type-post","status-publish","format-standard","has-post-thumbnail","hentry","category-destaque","category-geral","category-monteiro","category-o-site"],"_links":{"self":[{"href":"https:\/\/www.caririemacao.com\/1\/wp-json\/wp\/v2\/posts\/311067","targetHints":{"allow":["GET"]}}],"collection":[{"href":"https:\/\/www.caririemacao.com\/1\/wp-json\/wp\/v2\/posts"}],"about":[{"href":"https:\/\/www.caririemacao.com\/1\/wp-json\/wp\/v2\/types\/post"}],"author":[{"embeddable":true,"href":"https:\/\/www.caririemacao.com\/1\/wp-json\/wp\/v2\/users\/6"}],"replies":[{"embeddable":true,"href":"https:\/\/www.caririemacao.com\/1\/wp-json\/wp\/v2\/comments?post=311067"}],"version-history":[{"count":2,"href":"https:\/\/www.caririemacao.com\/1\/wp-json\/wp\/v2\/posts\/311067\/revisions"}],"predecessor-version":[{"id":311073,"href":"https:\/\/www.caririemacao.com\/1\/wp-json\/wp\/v2\/posts\/311067\/revisions\/311073"}],"wp:featuredmedia":[{"embeddable":true,"href":"https:\/\/www.caririemacao.com\/1\/wp-json\/wp\/v2\/media\/311068"}],"wp:attachment":[{"href":"https:\/\/www.caririemacao.com\/1\/wp-json\/wp\/v2\/media?parent=311067"}],"wp:term":[{"taxonomy":"category","embeddable":true,"href":"https:\/\/www.caririemacao.com\/1\/wp-json\/wp\/v2\/categories?post=311067"},{"taxonomy":"post_tag","embeddable":true,"href":"https:\/\/www.caririemacao.com\/1\/wp-json\/wp\/v2\/tags?post=311067"}],"curies":[{"name":"wp","href":"https:\/\/api.w.org\/{rel}","templated":true}]}}