{"id":311074,"date":"2026-03-11T22:09:53","date_gmt":"2026-03-12T01:09:53","guid":{"rendered":"https:\/\/www.caririemacao.com\/1\/?p=311074"},"modified":"2026-03-11T22:09:53","modified_gmt":"2026-03-12T01:09:53","slug":"camara-de-congo-aprova-projetos-sobre-incentivo-ao-esporte-credito-para-cultura-e-piso-salarial-de-dentistas","status":"publish","type":"post","link":"https:\/\/www.caririemacao.com\/1\/2026\/03\/11\/camara-de-congo-aprova-projetos-sobre-incentivo-ao-esporte-credito-para-cultura-e-piso-salarial-de-dentistas\/","title":{"rendered":"C\u00e2mara de Congo aprova projetos sobre incentivo ao esporte, cr\u00e9dito para cultura e piso salarial de dentistas"},"content":{"rendered":"<p data-start=\"152\" data-end=\"388\">A C\u00e2mara Municipal de Congo, no Cariri paraibano, realizou na noite desta quarta-feira (11) mais uma sess\u00e3o ordin\u00e1ria, marcada pela aprecia\u00e7\u00e3o e aprova\u00e7\u00e3o de importantes projetos de lei encaminhados pelo Poder Executivo.<\/p>\n<p data-start=\"390\" data-end=\"599\">Durante a reuni\u00e3o, os parlamentares analisaram e aprovaram projetos que tratam de incentivo ao esporte, adequa\u00e7\u00e3o salarial de profissionais da sa\u00fade e abertura de cr\u00e9dito para a\u00e7\u00f5es culturais no munic\u00edpio.<\/p>\n<p data-start=\"390\" data-end=\"599\"><img fetchpriority=\"high\" decoding=\"async\" class=\" wp-image-311076 aligncenter\" src=\"https:\/\/www.caririemacao.com\/1\/wp-content\/uploads\/2026\/03\/WhatsApp-Image-2026-03-11-at-19.03.04-300x225.jpeg\" alt=\"\" width=\"400\" height=\"300\" srcset=\"https:\/\/www.caririemacao.com\/1\/wp-content\/uploads\/2026\/03\/WhatsApp-Image-2026-03-11-at-19.03.04-300x225.jpeg 300w, https:\/\/www.caririemacao.com\/1\/wp-content\/uploads\/2026\/03\/WhatsApp-Image-2026-03-11-at-19.03.04-768x576.jpeg 768w, https:\/\/www.caririemacao.com\/1\/wp-content\/uploads\/2026\/03\/WhatsApp-Image-2026-03-11-at-19.03.04.jpeg 1280w\" sizes=\"(max-width: 400px) 100vw, 400px\" \/><\/p>\n<p data-start=\"601\" data-end=\"1160\">Entre as mat\u00e9rias aprovadas est\u00e1 o Projeto de Lei n\u00ba 01\/2026, que institui o programa municipal de incentivo \u00e0 corrida de rua e \u00e0 pr\u00e1tica de atividade f\u00edsica no munic\u00edpio de Congo. A proposta tamb\u00e9m inclui a corrida \u201cCongo Running na Moda\u201d no calend\u00e1rio oficial de eventos da cidade, a ser realizada anualmente durante as festividades municipais. O objetivo do programa \u00e9 promover sa\u00fade preventiva, inclus\u00e3o social, turismo esportivo e desenvolvimento econ\u00f4mico local, al\u00e9m de incentivar h\u00e1bitos saud\u00e1veis e a participa\u00e7\u00e3o de atletas do munic\u00edpio.<\/p>\n<p data-start=\"1162\" data-end=\"1668\">Outro projeto aprovado foi o Projeto de Lei n\u00ba 06\/2026, que altera dispositivos da Lei Municipal n\u00ba 364\/2025 para adequar a carga hor\u00e1ria e o piso salarial dos cirurgi\u00f5es-dentistas e auxiliares de dentista \u00e0 legisla\u00e7\u00e3o federal. Com a mudan\u00e7a, fica estabelecido o piso salarial de R$ 3.636,00 para cirurgi\u00f5es-dentistas, com carga hor\u00e1ria de 20 horas semanais, e R$ 2.424,00 para auxiliares de dentista, tamb\u00e9m com jornada de 20 horas semanais, conforme determina a Lei Federal n\u00ba 3.999\/1961.<\/p>\n<p data-start=\"1162\" data-end=\"1668\"><img decoding=\"async\" class=\"wp-image-311077 aligncenter lazyload\" data-src=\"https:\/\/www.caririemacao.com\/1\/wp-content\/uploads\/2026\/03\/WhatsApp-Image-2026-03-11-at-19.03.05-1-300x225.jpeg\" alt=\"\" width=\"418\" height=\"313\" data-srcset=\"https:\/\/www.caririemacao.com\/1\/wp-content\/uploads\/2026\/03\/WhatsApp-Image-2026-03-11-at-19.03.05-1-300x225.jpeg 300w, https:\/\/www.caririemacao.com\/1\/wp-content\/uploads\/2026\/03\/WhatsApp-Image-2026-03-11-at-19.03.05-1-768x576.jpeg 768w, https:\/\/www.caririemacao.com\/1\/wp-content\/uploads\/2026\/03\/WhatsApp-Image-2026-03-11-at-19.03.05-1.jpeg 1280w\" data-sizes=\"(max-width: 418px) 100vw, 418px\" src=\"data:image\/svg+xml;base64,PHN2ZyB3aWR0aD0iMSIgaGVpZ2h0PSIxIiB4bWxucz0iaHR0cDovL3d3dy53My5vcmcvMjAwMC9zdmciPjwvc3ZnPg==\" style=\"--smush-placeholder-width: 418px; --smush-placeholder-aspect-ratio: 418\/313;\" \/><\/p>\n<p data-start=\"1670\" data-end=\"2093\">Os vereadores tamb\u00e9m aprovaram o Projeto de Lei n\u00ba 04\/2026, que autoriza o Poder Executivo a abrir cr\u00e9dito adicional especial no or\u00e7amento municipal, permitindo a inclus\u00e3o de a\u00e7\u00e3o governamental voltada ao fomento do setor cultural, relacionada \u00e0 Lei Aldir Blanc (Lei n\u00ba 14.399\/2022). A medida possibilita que o munic\u00edpio desenvolva pol\u00edticas e a\u00e7\u00f5es de incentivo \u00e0 cultura, ampliando investimentos no setor.<\/p>\n<p data-start=\"2095\" data-end=\"2382\">Ap\u00f3s a aprecia\u00e7\u00e3o e vota\u00e7\u00e3o das mat\u00e9rias constantes na pauta do dia, o presidente da C\u00e2mara Municipal, vereador Jucelio Quintans, agradeceu a presen\u00e7a dos demais parlamentares e do p\u00fablico presente, destacando a import\u00e2ncia dos projetos aprovados para o desenvolvimento do munic\u00edpio.<\/p>\n<p data-start=\"2384\" data-end=\"2428\" data-is-last-node=\"\" data-is-only-node=\"\">Em seguida, declarou encerrada a sess\u00e3o.<\/p>\n<p data-start=\"2384\" data-end=\"2428\" data-is-last-node=\"\" data-is-only-node=\"\"><img decoding=\"async\" class=\"wp-image-311078 aligncenter lazyload\" data-src=\"https:\/\/www.caririemacao.com\/1\/wp-content\/uploads\/2026\/03\/WhatsApp-Image-2026-03-11-at-19.03.05-2-300x225.jpeg\" alt=\"\" width=\"431\" height=\"323\" data-srcset=\"https:\/\/www.caririemacao.com\/1\/wp-content\/uploads\/2026\/03\/WhatsApp-Image-2026-03-11-at-19.03.05-2-300x225.jpeg 300w, https:\/\/www.caririemacao.com\/1\/wp-content\/uploads\/2026\/03\/WhatsApp-Image-2026-03-11-at-19.03.05-2-768x576.jpeg 768w, https:\/\/www.caririemacao.com\/1\/wp-content\/uploads\/2026\/03\/WhatsApp-Image-2026-03-11-at-19.03.05-2.jpeg 1280w\" data-sizes=\"(max-width: 431px) 100vw, 431px\" src=\"data:image\/svg+xml;base64,PHN2ZyB3aWR0aD0iMSIgaGVpZ2h0PSIxIiB4bWxucz0iaHR0cDovL3d3dy53My5vcmcvMjAwMC9zdmciPjwvc3ZnPg==\" style=\"--smush-placeholder-width: 431px; --smush-placeholder-aspect-ratio: 431\/323;\" \/><\/p>\n<p data-start=\"2384\" data-end=\"2428\" data-is-last-node=\"\" data-is-only-node=\"\">\n<p data-start=\"2384\" data-end=\"2428\" data-is-last-node=\"\" data-is-only-node=\"\"><strong>CARIRI EM A\u00c7\u00c3O<\/strong><\/p>\n","protected":false},"excerpt":{"rendered":"<p>A C\u00e2mara Municipal de Congo, no Cariri paraibano, realizou na noite desta quarta-feira (11) mais uma sess\u00e3o ordin\u00e1ria, marcada pela aprecia\u00e7\u00e3o e aprova\u00e7\u00e3o de importantes&hellip; <\/p>\n","protected":false},"author":6,"featured_media":311075,"comment_status":"closed","ping_status":"closed","sticky":false,"template":"","format":"standard","meta":{"sfsi_plus_gutenberg_text_before_share":"","sfsi_plus_gutenberg_show_text_before_share":"","sfsi_plus_gutenberg_icon_type":"","sfsi_plus_gutenberg_icon_alignemt":"","sfsi_plus_gutenburg_max_per_row":"","footnotes":""},"categories":[74,50,2],"tags":[],"class_list":["post-311074","post","type-post","status-publish","format-standard","has-post-thumbnail","hentry","category-congo","category-destaque","category-geral"],"_links":{"self":[{"href":"https:\/\/www.caririemacao.com\/1\/wp-json\/wp\/v2\/posts\/311074","targetHints":{"allow":["GET"]}}],"collection":[{"href":"https:\/\/www.caririemacao.com\/1\/wp-json\/wp\/v2\/posts"}],"about":[{"href":"https:\/\/www.caririemacao.com\/1\/wp-json\/wp\/v2\/types\/post"}],"author":[{"embeddable":true,"href":"https:\/\/www.caririemacao.com\/1\/wp-json\/wp\/v2\/users\/6"}],"replies":[{"embeddable":true,"href":"https:\/\/www.caririemacao.com\/1\/wp-json\/wp\/v2\/comments?post=311074"}],"version-history":[{"count":1,"href":"https:\/\/www.caririemacao.com\/1\/wp-json\/wp\/v2\/posts\/311074\/revisions"}],"predecessor-version":[{"id":311079,"href":"https:\/\/www.caririemacao.com\/1\/wp-json\/wp\/v2\/posts\/311074\/revisions\/311079"}],"wp:featuredmedia":[{"embeddable":true,"href":"https:\/\/www.caririemacao.com\/1\/wp-json\/wp\/v2\/media\/311075"}],"wp:attachment":[{"href":"https:\/\/www.caririemacao.com\/1\/wp-json\/wp\/v2\/media?parent=311074"}],"wp:term":[{"taxonomy":"category","embeddable":true,"href":"https:\/\/www.caririemacao.com\/1\/wp-json\/wp\/v2\/categories?post=311074"},{"taxonomy":"post_tag","embeddable":true,"href":"https:\/\/www.caririemacao.com\/1\/wp-json\/wp\/v2\/tags?post=311074"}],"curies":[{"name":"wp","href":"https:\/\/api.w.org\/{rel}","templated":true}]}}